{"id":623,"date":"2017-06-22T10:50:24","date_gmt":"2017-06-22T09:50:24","guid":{"rendered":"http:\/\/www.irla.cat\/casairla\/?p=623"},"modified":"2017-06-22T10:50:59","modified_gmt":"2017-06-22T09:50:59","slug":"inauguracio-de-lexposicio-homenatge-a-pere-manera","status":"publish","type":"post","link":"https:\/\/irla.cat\/casairla\/2017\/06\/22\/inauguracio-de-lexposicio-homenatge-a-pere-manera\/","title":{"rendered":"Inauguraci\u00f3 de l&#8217;exposici\u00f3 homenatge a Pere Manera"},"content":{"rendered":"<p>El proper 1 de juliol a les 19:00h s&#8217;inaugurar\u00e0 l&#8217;exposici\u00f3 homenatge al pintor Pere Manera.<\/p>\n<p><!--more--><\/p>\n<p>Jo no vos dir\u00e9 que en Pere Manera \u00e9s un bon pintor, aquest premis obtinguts ja ho demostren per\u00f2 jo solament vos far\u00e9 una observaci\u00f3.<\/p>\n<p>En Pere \u00e9s pintor, s\u00ed, per\u00f2 tamb\u00e9 \u00e9s un home de mar. \u00c9s home de vent, de calma i de tramuntana, un dels pocs pintors que sap capejar una mestralada vinguent de pescar de Sa Roca Alta, amb el seu bot de vint-i-dos pams, un dels m\u00e9s bonics, pot \u00e9sser el m\u00e9s bell de la platja ganxona.<\/p>\n<p>Per aix\u00f2, en Manera, sap pintar el mar i les barques, ell viu les ones, el ruixim del llevant i sap a on esbandeix un cop de mar amb el vent de proa; ell sap de la forma i del color del mar calm\u00f3s del capvespre, hora que comencen a engrescar-se els besucs i a enganxar-se els calamars a la potera.<\/p>\n<p>Ell pinta el mar perqu\u00e8 el sent, ell ja d\u2019infant hi jugava, saltant per les roques de Cap de Begur, el seu poble nadiu, enfilant-se a dalt del llaguts de \u201cSa Riera\u201d. Veieu ara perqu\u00e8 en Manera pinta tan b\u00e9 el mar?. El pinta b\u00e9 perqu\u00e8 forma part d\u2019ell.<\/p>\n<p>Des de \u201cCan Roca\u201d, de Santa Cristina d\u2019Aro, juliol de 1981<br \/>\nCAM\u00daS<\/p>\n","protected":false},"excerpt":{"rendered":"<p>El proper 1 de juliol a les 19:00h s&#8217;inaugurar\u00e0 l&#8217;exposici\u00f3 homenatge al pintor Pere Manera.<\/p>\n","protected":false},"author":1,"featured_media":624,"comment_status":"open","ping_status":"open","sticky":false,"template":"","format":"standard","meta":{"footnotes":""},"categories":[1],"tags":[],"class_list":["post-623","post","type-post","status-publish","format-standard","has-post-thumbnail","hentry","category-general"],"_links":{"self":[{"href":"https:\/\/irla.cat\/casairla\/wp-json\/wp\/v2\/posts\/623","targetHints":{"allow":["GET"]}}],"collection":[{"href":"https:\/\/irla.cat\/casairla\/wp-json\/wp\/v2\/posts"}],"about":[{"href":"https:\/\/irla.cat\/casairla\/wp-json\/wp\/v2\/types\/post"}],"author":[{"embeddable":true,"href":"https:\/\/irla.cat\/casairla\/wp-json\/wp\/v2\/users\/1"}],"replies":[{"embeddable":true,"href":"https:\/\/irla.cat\/casairla\/wp-json\/wp\/v2\/comments?post=623"}],"version-history":[{"count":3,"href":"https:\/\/irla.cat\/casairla\/wp-json\/wp\/v2\/posts\/623\/revisions"}],"predecessor-version":[{"id":627,"href":"https:\/\/irla.cat\/casairla\/wp-json\/wp\/v2\/posts\/623\/revisions\/627"}],"wp:featuredmedia":[{"embeddable":true,"href":"https:\/\/irla.cat\/casairla\/wp-json\/wp\/v2\/media\/624"}],"wp:attachment":[{"href":"https:\/\/irla.cat\/casairla\/wp-json\/wp\/v2\/media?parent=623"}],"wp:term":[{"taxonomy":"category","embeddable":true,"href":"https:\/\/irla.cat\/casairla\/wp-json\/wp\/v2\/categories?post=623"},{"taxonomy":"post_tag","embeddable":true,"href":"https:\/\/irla.cat\/casairla\/wp-json\/wp\/v2\/tags?post=623"}],"curies":[{"name":"wp","href":"https:\/\/api.w.org\/{rel}","templated":true}]}}