{"id":618,"date":"2017-06-21T10:43:07","date_gmt":"2017-06-21T09:43:07","guid":{"rendered":"http:\/\/www.irla.cat\/casairla\/?p=618"},"modified":"2017-06-22T10:43:58","modified_gmt":"2017-06-22T09:43:58","slug":"miquel-sellares-omple-la-casa-irla","status":"publish","type":"post","link":"https:\/\/irla.cat\/casairla\/2017\/06\/21\/miquel-sellares-omple-la-casa-irla\/","title":{"rendered":"Miquel Sellar\u00e8s omple la Casa Irla amb una xerrada sobre seguretat nacional"},"content":{"rendered":"<p>La Casa Irla es va omplir de gom a gom per a escoltar la xerrada de Miquel Sellar\u00e9s sota el t\u00edtol &#8220;Seguretat Nacional: La necessitat de tenir consci\u00e8ncia nacional de seguretat\u201d.<\/p>\n<p><!--more--><\/p>\n<p>Sellar\u00e8s va explicar la necessitat que tindr\u00e0 la nova Rep\u00fablica Catalana de trencar amb alguns tab\u00fas sobre l&#8217;ex\u00e8rcit i la seguretat i va fer una crida a tenir consic\u00e8ncia de seguretat a nivell de pa\u00eds.<\/p>\n<p>Miquel Sellar\u00e8s i Perell\u00f3 (Barcelona, 1946) \u00e9s un pol\u00edtic catal\u00e0. Llicenciat en Filosofia i Lletres,\u00a0fundador destacat de l\u2019Assemblea de Catalunya (1971) i de Converg\u00e8ncia Democr\u00e0tica de Catalunya a Montserrat el 1974. El 1978 abandon\u00e0 CDC per a participar en la fundaci\u00f3 de Nacionalistes d\u2019Esquerra, tot i que va romandre independent.<\/p>\n<p>Com a expert en temes policials, fou nomenat director general de seguretat ciutadana de la Generalitat de Catalunya el 1983-1984.<\/p>\n<p>Ha col\u00b7laborat als diaris El Punt, La Vanguardia, Deia, El Pa\u00eds, i al diari digital Tribuna Catalana. Entre 2003 i 2004 fou secretari de comunicaci\u00f3 de la Generalitat de Catalunya. Presideix el col\u00b7lectiu Opini\u00f3 Catalana.<\/p>\n","protected":false},"excerpt":{"rendered":"<p>La Casa Irla es va omplir de gom a gom per a escoltar la xerrada de Miquel Sellar\u00e9s sota el<\/p>\n","protected":false},"author":1,"featured_media":619,"comment_status":"open","ping_status":"open","sticky":false,"template":"","format":"standard","meta":{"footnotes":""},"categories":[1],"tags":[],"class_list":["post-618","post","type-post","status-publish","format-standard","has-post-thumbnail","hentry","category-general"],"_links":{"self":[{"href":"https:\/\/irla.cat\/casairla\/wp-json\/wp\/v2\/posts\/618","targetHints":{"allow":["GET"]}}],"collection":[{"href":"https:\/\/irla.cat\/casairla\/wp-json\/wp\/v2\/posts"}],"about":[{"href":"https:\/\/irla.cat\/casairla\/wp-json\/wp\/v2\/types\/post"}],"author":[{"embeddable":true,"href":"https:\/\/irla.cat\/casairla\/wp-json\/wp\/v2\/users\/1"}],"replies":[{"embeddable":true,"href":"https:\/\/irla.cat\/casairla\/wp-json\/wp\/v2\/comments?post=618"}],"version-history":[{"count":3,"href":"https:\/\/irla.cat\/casairla\/wp-json\/wp\/v2\/posts\/618\/revisions"}],"predecessor-version":[{"id":622,"href":"https:\/\/irla.cat\/casairla\/wp-json\/wp\/v2\/posts\/618\/revisions\/622"}],"wp:featuredmedia":[{"embeddable":true,"href":"https:\/\/irla.cat\/casairla\/wp-json\/wp\/v2\/media\/619"}],"wp:attachment":[{"href":"https:\/\/irla.cat\/casairla\/wp-json\/wp\/v2\/media?parent=618"}],"wp:term":[{"taxonomy":"category","embeddable":true,"href":"https:\/\/irla.cat\/casairla\/wp-json\/wp\/v2\/categories?post=618"},{"taxonomy":"post_tag","embeddable":true,"href":"https:\/\/irla.cat\/casairla\/wp-json\/wp\/v2\/tags?post=618"}],"curies":[{"name":"wp","href":"https:\/\/api.w.org\/{rel}","templated":true}]}}