{"id":611,"date":"2017-06-14T11:26:34","date_gmt":"2017-06-14T10:26:34","guid":{"rendered":"http:\/\/www.irla.cat\/casairla\/?p=611"},"modified":"2017-06-14T13:01:03","modified_gmt":"2017-06-14T12:01:03","slug":"xerrada-seguretat-nacional-amb-miquel-sellares","status":"publish","type":"post","link":"https:\/\/irla.cat\/casairla\/2017\/06\/14\/xerrada-seguretat-nacional-amb-miquel-sellares\/","title":{"rendered":"Xerrada &#8220;Seguretat nacional&#8221; amb Miquel Sellar\u00e8s"},"content":{"rendered":"<p>El proper dissabte 17 de juny a les 19:00h es celebrar\u00e0 a la Casa Irla de Sant Feliu de Guixols, la xerrada &#8221; Seguretat Nacional: La necessitat de tenir consci\u00e8ncia nacional de seguretat&#8221; a c\u00e0rrec de Miquel Sellar\u00e8s.<\/p>\n<p><!--more--><\/p>\n<p>Sellar\u00e8s explicar\u00e0\u00a0\u00a0la necessitat de tenir consci\u00e8ncia nacional de seguretat i trencar\u00e0 els t\u00f2pics de si \u00e9s necessari o no tenir un ex\u00e8rcit en la nova Rep\u00fablica catalana.<\/p>\n<p>Miquel Sellar\u00e8s i Perell\u00f3 (Barcelona, 1946) \u00e9s un pol\u00edtic catal\u00e0. Llicenciat en Filosofia i Lletres,\u00a0fundador destacat de l&#8217;Assemblea de Catalunya (1971) i de Converg\u00e8ncia Democr\u00e0tica de Catalunya a Montserrat el 1974. El 1978 abandon\u00e0 CDC per a participar en la fundaci\u00f3 de Nacionalistes d&#8217;Esquerra, tot i que va romandre independent.<\/p>\n<p>Com a expert en temes policials, fou nomenat director general de seguretat ciutadana de la Generalitat de Catalunya el 1983-1984.<\/p>\n<p>Ha col\u00b7laborat als diaris El Punt, La Vanguardia, Deia, El Pa\u00eds, i al diari digital Tribuna Catalana. Entre 2003 i 2004 fou secretari de comunicaci\u00f3 de la Generalitat de Catalunya. Presideix el col\u00b7lectiu Opini\u00f3 Catalana.<\/p>\n<p><img loading=\"lazy\" decoding=\"async\" class=\"aligncenter size-full wp-image-612\" src=\"http:\/\/www.irla.cat\/casairla\/wp-content\/uploads\/2017\/06\/Xerrada-Casa-Irla-A3.jpg\" alt=\"\" width=\"3508\" height=\"4961\" srcset=\"https:\/\/irla.cat\/casairla\/wp-content\/uploads\/2017\/06\/Xerrada-Casa-Irla-A3.jpg 3508w, https:\/\/irla.cat\/casairla\/wp-content\/uploads\/2017\/06\/Xerrada-Casa-Irla-A3-212x300.jpg 212w, https:\/\/irla.cat\/casairla\/wp-content\/uploads\/2017\/06\/Xerrada-Casa-Irla-A3-768x1086.jpg 768w, https:\/\/irla.cat\/casairla\/wp-content\/uploads\/2017\/06\/Xerrada-Casa-Irla-A3-724x1024.jpg 724w\" sizes=\"auto, (max-width: 3508px) 100vw, 3508px\" \/><\/p>\n","protected":false},"excerpt":{"rendered":"<p>El proper dissabte 17 de juny a les 19:00h es celebrar\u00e0 a la Casa Irla de Sant Feliu de Guixols,<\/p>\n","protected":false},"author":1,"featured_media":352,"comment_status":"open","ping_status":"open","sticky":false,"template":"","format":"standard","meta":{"footnotes":""},"categories":[1],"tags":[],"class_list":["post-611","post","type-post","status-publish","format-standard","has-post-thumbnail","hentry","category-general"],"_links":{"self":[{"href":"https:\/\/irla.cat\/casairla\/wp-json\/wp\/v2\/posts\/611","targetHints":{"allow":["GET"]}}],"collection":[{"href":"https:\/\/irla.cat\/casairla\/wp-json\/wp\/v2\/posts"}],"about":[{"href":"https:\/\/irla.cat\/casairla\/wp-json\/wp\/v2\/types\/post"}],"author":[{"embeddable":true,"href":"https:\/\/irla.cat\/casairla\/wp-json\/wp\/v2\/users\/1"}],"replies":[{"embeddable":true,"href":"https:\/\/irla.cat\/casairla\/wp-json\/wp\/v2\/comments?post=611"}],"version-history":[{"count":1,"href":"https:\/\/irla.cat\/casairla\/wp-json\/wp\/v2\/posts\/611\/revisions"}],"predecessor-version":[{"id":613,"href":"https:\/\/irla.cat\/casairla\/wp-json\/wp\/v2\/posts\/611\/revisions\/613"}],"wp:featuredmedia":[{"embeddable":true,"href":"https:\/\/irla.cat\/casairla\/wp-json\/wp\/v2\/media\/352"}],"wp:attachment":[{"href":"https:\/\/irla.cat\/casairla\/wp-json\/wp\/v2\/media?parent=611"}],"wp:term":[{"taxonomy":"category","embeddable":true,"href":"https:\/\/irla.cat\/casairla\/wp-json\/wp\/v2\/categories?post=611"},{"taxonomy":"post_tag","embeddable":true,"href":"https:\/\/irla.cat\/casairla\/wp-json\/wp\/v2\/tags?post=611"}],"curies":[{"name":"wp","href":"https:\/\/api.w.org\/{rel}","templated":true}]}}