{"id":601,"date":"2017-03-13T10:48:52","date_gmt":"2017-03-13T09:48:52","guid":{"rendered":"http:\/\/www.irla.cat\/casairla\/?p=601"},"modified":"2017-05-12T10:50:34","modified_gmt":"2017-05-12T09:50:34","slug":"jordi-borras-i-antonio-banos-presentn-la-cara-b-una-altra-mirada-al-proces","status":"publish","type":"post","link":"https:\/\/irla.cat\/casairla\/2017\/03\/13\/jordi-borras-i-antonio-banos-presentn-la-cara-b-una-altra-mirada-al-proces\/","title":{"rendered":"Jordi Borr\u00e0s i Antonio Ba\u00f1os presentn &#8220;La cara B, una altra mirada al proc\u00e9s&#8221;"},"content":{"rendered":"<p>El proper dissabte dia 25 de mar\u00e7 a les 19h a la Casa Irla de Sant Feliu de Gu\u00edxols presentem el llibre: La cara B. Una altra mirada al proc\u00e9s de Jordi Borr\u00e0s i Antonio Ba\u00f1os.<!--more--><\/p>\n<p>Qui esperi trobar secrets d\u2019Estat en aquest llibre no va ben encaminat. Hauran de passar molts anys, encara, perqu\u00e8 alg\u00fa els comenci a escriure. La cara B. Una altra mirada al proc\u00e9s no destapa conspiracions ni hist\u00f2ries d\u2019espionatge.<\/p>\n<p>Aquest \u00e9s un llibre narrat en primera persona per Antonio Ba\u00f1os i amb les fotografies de Jordi Borr\u00e0s, on trobareu, aix\u00f2 s\u00ed, aquelles rareses que l\u2019imaginari col\u00b7lectiu encara situa a la cara B d\u2019un vinil. Tot all\u00f2 que ha passat durant aquests anys i ning\u00fa no s\u2019ha cuidat d\u2019explicar i ho fan, aix\u00f2 s\u00ed, amb cr\u00f2niques farcides d\u2019an\u00e8cdotes, curiositats i algun fet fins avui dia silenciat.<\/p>\n<p>Tot plegat amb un recorregut visual a base de fotoperiodisme a peu de carrer, que comen\u00e7a amb la consulta independentista d\u2019Arenys de Munt de l\u2019any 2009 i acaba l\u2019any 2016 amb la formaci\u00f3 del nou Govern de Junts pel S\u00ed. La cara B.<\/p>\n<p>Una altra mirada al proc\u00e9s \u00e9s, segurament, el llibre que faltava per completar aquest subg\u00e8nere nou \u2014el del proc\u00e9s\u2014 nascut entre reunions, manifestacions i m\u00edtings. Un llibre que neix avui per\u00f2 que, sense pretendre-ho, ser\u00e0 un trosset d\u2019hist\u00f2ria p\u00e8l dem\u00e0.<\/p>\n<p>Teniu doncs a les mans m\u00e9s de sis anys de la hist\u00f2ria recent de Catalunya explicats per un fot\u00f2graf que podria ser escriptor, i un escriptor que podria ser fot\u00f2graf.<\/p>\n<p>&nbsp;<\/p>\n","protected":false},"excerpt":{"rendered":"<p>El proper dissabte dia 25 de mar\u00e7 a les 19h a la Casa Irla de Sant Feliu de Gu\u00edxols presentem<\/p>\n","protected":false},"author":1,"featured_media":602,"comment_status":"open","ping_status":"open","sticky":false,"template":"template-centered.php","format":"standard","meta":{"footnotes":""},"categories":[1],"tags":[],"class_list":["post-601","post","type-post","status-publish","format-standard","has-post-thumbnail","hentry","category-general"],"_links":{"self":[{"href":"https:\/\/irla.cat\/casairla\/wp-json\/wp\/v2\/posts\/601","targetHints":{"allow":["GET"]}}],"collection":[{"href":"https:\/\/irla.cat\/casairla\/wp-json\/wp\/v2\/posts"}],"about":[{"href":"https:\/\/irla.cat\/casairla\/wp-json\/wp\/v2\/types\/post"}],"author":[{"embeddable":true,"href":"https:\/\/irla.cat\/casairla\/wp-json\/wp\/v2\/users\/1"}],"replies":[{"embeddable":true,"href":"https:\/\/irla.cat\/casairla\/wp-json\/wp\/v2\/comments?post=601"}],"version-history":[{"count":1,"href":"https:\/\/irla.cat\/casairla\/wp-json\/wp\/v2\/posts\/601\/revisions"}],"predecessor-version":[{"id":603,"href":"https:\/\/irla.cat\/casairla\/wp-json\/wp\/v2\/posts\/601\/revisions\/603"}],"wp:featuredmedia":[{"embeddable":true,"href":"https:\/\/irla.cat\/casairla\/wp-json\/wp\/v2\/media\/602"}],"wp:attachment":[{"href":"https:\/\/irla.cat\/casairla\/wp-json\/wp\/v2\/media?parent=601"}],"wp:term":[{"taxonomy":"category","embeddable":true,"href":"https:\/\/irla.cat\/casairla\/wp-json\/wp\/v2\/categories?post=601"},{"taxonomy":"post_tag","embeddable":true,"href":"https:\/\/irla.cat\/casairla\/wp-json\/wp\/v2\/tags?post=601"}],"curies":[{"name":"wp","href":"https:\/\/api.w.org\/{rel}","templated":true}]}}