{"id":598,"date":"2017-02-28T10:46:24","date_gmt":"2017-02-28T09:46:24","guid":{"rendered":"http:\/\/www.irla.cat\/casairla\/?p=598"},"modified":"2017-05-12T10:48:34","modified_gmt":"2017-05-12T09:48:34","slug":"joan-gasull-presenta-el-pacifista-que-pretenia-volar-una-discoteca","status":"publish","type":"post","link":"https:\/\/irla.cat\/casairla\/2017\/02\/28\/joan-gasull-presenta-el-pacifista-que-pretenia-volar-una-discoteca\/","title":{"rendered":"Joan Gasull presenta &#8220;El pacifista que pretenia volar una discoteca"},"content":{"rendered":"<p>Dissabte 11 de mar\u00e7 a les 19h Joan Gasull presentar\u00e0 el seu llibre &#8220;El pacifista que pretenia volar una discoteca&#8221;.<\/p>\n<p><!--more--><\/p>\n<p>La hist\u00f2ria novel\u00b7lada de l\u2019atemptat fallit a la discoteca Tiffany\u2019s de Platja d\u2019Aro l\u2019any 1969, narrada per un dels protagonistes de l\u2019acci\u00f3. Joan Gasull, que va viure els fets de molt a prop, en fa una narraci\u00f3 trepidant i fidedigna, molt diferent a la versi\u00f3 manipulada i propagandista que en va donar el r\u00e8gim franquista. L\u2019autor s\u2019endinsa en la dura repressi\u00f3 de l\u2019\u00e8poca, en la r\u00e0bia continguda dels resistents al franquisme, en la vida quotidiana de les presons i en tot un entramat de relacions que converteixen a novel\u00b7la en un retrat fidel de l\u2019\u00e8poca.<\/p>\n<p>Entrada lliure i gratu\u00efta.<\/p>\n<p>&nbsp;<\/p>\n","protected":false},"excerpt":{"rendered":"<p>Dissabte 11 de mar\u00e7 a les 19h Joan Gasull presentar\u00e0 el seu llibre &#8220;El pacifista que pretenia volar una discoteca&#8221;.<\/p>\n","protected":false},"author":1,"featured_media":599,"comment_status":"open","ping_status":"open","sticky":false,"template":"template-centered.php","format":"standard","meta":{"footnotes":""},"categories":[1],"tags":[],"class_list":["post-598","post","type-post","status-publish","format-standard","has-post-thumbnail","hentry","category-general"],"_links":{"self":[{"href":"https:\/\/irla.cat\/casairla\/wp-json\/wp\/v2\/posts\/598","targetHints":{"allow":["GET"]}}],"collection":[{"href":"https:\/\/irla.cat\/casairla\/wp-json\/wp\/v2\/posts"}],"about":[{"href":"https:\/\/irla.cat\/casairla\/wp-json\/wp\/v2\/types\/post"}],"author":[{"embeddable":true,"href":"https:\/\/irla.cat\/casairla\/wp-json\/wp\/v2\/users\/1"}],"replies":[{"embeddable":true,"href":"https:\/\/irla.cat\/casairla\/wp-json\/wp\/v2\/comments?post=598"}],"version-history":[{"count":1,"href":"https:\/\/irla.cat\/casairla\/wp-json\/wp\/v2\/posts\/598\/revisions"}],"predecessor-version":[{"id":600,"href":"https:\/\/irla.cat\/casairla\/wp-json\/wp\/v2\/posts\/598\/revisions\/600"}],"wp:featuredmedia":[{"embeddable":true,"href":"https:\/\/irla.cat\/casairla\/wp-json\/wp\/v2\/media\/599"}],"wp:attachment":[{"href":"https:\/\/irla.cat\/casairla\/wp-json\/wp\/v2\/media?parent=598"}],"wp:term":[{"taxonomy":"category","embeddable":true,"href":"https:\/\/irla.cat\/casairla\/wp-json\/wp\/v2\/categories?post=598"},{"taxonomy":"post_tag","embeddable":true,"href":"https:\/\/irla.cat\/casairla\/wp-json\/wp\/v2\/tags?post=598"}],"curies":[{"name":"wp","href":"https:\/\/api.w.org\/{rel}","templated":true}]}}