{"id":591,"date":"2017-01-30T10:23:36","date_gmt":"2017-01-30T09:23:36","guid":{"rendered":"http:\/\/www.irla.cat\/casairla\/?p=591"},"modified":"2017-05-12T10:25:56","modified_gmt":"2017-05-12T09:25:56","slug":"xevi-sala-presenta-el-llibre-i-ens-vam-menjar-el-mon","status":"publish","type":"post","link":"https:\/\/irla.cat\/casairla\/2017\/01\/30\/xevi-sala-presenta-el-llibre-i-ens-vam-menjar-el-mon\/","title":{"rendered":"Xevi Sala presenta el llibre &#8220;I ens vam menjar el m\u00f3n&#8221;"},"content":{"rendered":"<p>El proper dissabte dia 11 de febrer a les 19 h a la Casa Irla de Sant Feliu de Gu\u00edxols en Xevi Sala presenta el seu llibre: &#8220;I ens vam menjar el m\u00f3n&#8221;, Premi Prudenci Bertrana 2016.<\/p>\n<p><!--more--><\/p>\n<p>Elias Barrera, sergent de l\u2019ex\u00e8rcit dels Estats Units, arriba a l\u2019Estartit per assistir al funeral del seu pare, un militar que va servir a la base Loran, i sobretot per recollir l\u2019antiga bandera familiar. Per recuperar-la, per\u00f2, s\u2019haur\u00e0 d\u2019entendre amb Gori Vilar, militant comunista i pescador del palangre, que li explicar\u00e0 la incre\u00efble hist\u00f2ria que va viure amb Kirk Barrera, el Soldat Imperial, l\u2019home que va salvar tot un pa\u00eds.<\/p>\n<p>Un relat divertit, tendre i emotiu per on desfilen personalitats com ara Kirk Douglas, Santiago Carrillo, Amanda Lear, Josep Pla o Salvador Dal\u00ed. El conjunt conforma un fresc excepcional que gravita al voltant de les bases nord-americanes i en escenaris tan emblem\u00e0tics com l\u2019Hotel Llafranc o la central nuclear Vandell\u00f2s I.<\/p>\n<p>\u00abEn Gori Vilar va ullar la bossa i va palpar la perruca. Tenia molts anys per\u00f2 el p\u00e8l es conservava prou b\u00e9. M\u00e9s grisa que rossa, d\u2019un color inclassificable. Tot seguit, va obrir el sobre i gaireb\u00e9 va somriure. La nota deia: \u201cLa perruca \u00e9s m\u00e9s teva que meva. El llibre te\u2019l vaig prometre. I, pel que fa a la bandera, ja saps qu\u00e8 has de fer. Ad\u00e9u, Soldat Imperial, des d\u2019avui fins al final\u201d\u00bb.<\/p>\n<p>Dissabte 11 de febrer a les 19 h<br \/>\nI ens vam menjar el m\u00f3n<br \/>\nXevi Sala<br \/>\nPremi Prudenci Bertrana 2016<\/p>\n","protected":false},"excerpt":{"rendered":"<p>El proper dissabte dia 11 de febrer a les 19 h a la Casa Irla de Sant Feliu de Gu\u00edxols<\/p>\n","protected":false},"author":1,"featured_media":592,"comment_status":"open","ping_status":"open","sticky":false,"template":"template-centered.php","format":"standard","meta":{"footnotes":""},"categories":[1],"tags":[],"class_list":["post-591","post","type-post","status-publish","format-standard","has-post-thumbnail","hentry","category-general"],"_links":{"self":[{"href":"https:\/\/irla.cat\/casairla\/wp-json\/wp\/v2\/posts\/591","targetHints":{"allow":["GET"]}}],"collection":[{"href":"https:\/\/irla.cat\/casairla\/wp-json\/wp\/v2\/posts"}],"about":[{"href":"https:\/\/irla.cat\/casairla\/wp-json\/wp\/v2\/types\/post"}],"author":[{"embeddable":true,"href":"https:\/\/irla.cat\/casairla\/wp-json\/wp\/v2\/users\/1"}],"replies":[{"embeddable":true,"href":"https:\/\/irla.cat\/casairla\/wp-json\/wp\/v2\/comments?post=591"}],"version-history":[{"count":1,"href":"https:\/\/irla.cat\/casairla\/wp-json\/wp\/v2\/posts\/591\/revisions"}],"predecessor-version":[{"id":593,"href":"https:\/\/irla.cat\/casairla\/wp-json\/wp\/v2\/posts\/591\/revisions\/593"}],"wp:featuredmedia":[{"embeddable":true,"href":"https:\/\/irla.cat\/casairla\/wp-json\/wp\/v2\/media\/592"}],"wp:attachment":[{"href":"https:\/\/irla.cat\/casairla\/wp-json\/wp\/v2\/media?parent=591"}],"wp:term":[{"taxonomy":"category","embeddable":true,"href":"https:\/\/irla.cat\/casairla\/wp-json\/wp\/v2\/categories?post=591"},{"taxonomy":"post_tag","embeddable":true,"href":"https:\/\/irla.cat\/casairla\/wp-json\/wp\/v2\/tags?post=591"}],"curies":[{"name":"wp","href":"https:\/\/api.w.org\/{rel}","templated":true}]}}