{"id":588,"date":"2017-01-15T10:20:47","date_gmt":"2017-01-15T09:20:47","guid":{"rendered":"http:\/\/www.irla.cat\/casairla\/?p=588"},"modified":"2017-05-12T10:22:59","modified_gmt":"2017-05-12T09:22:59","slug":"presentacio-del-llibre-breu-historia-del-nacionalsme-espanyol-de-francesc-puigpelat","status":"publish","type":"post","link":"https:\/\/irla.cat\/casairla\/2017\/01\/15\/presentacio-del-llibre-breu-historia-del-nacionalsme-espanyol-de-francesc-puigpelat\/","title":{"rendered":"Presentaci\u00f3 del llibre &#8220;Breu hist\u00f2ria del nacionalsme espanyol&#8221; de Francesc Puigpelat"},"content":{"rendered":"<p>El dissabte dia 21 de gener a les 19 h presentem el llibre &#8220;Breu hist\u00f2ria del nacionalisme espanyol&#8221; de Francesc Puigpelat.<\/p>\n<p><!--more--><\/p>\n<p><strong>De la Constituci\u00f3 de 1812 a la prohibici\u00f3 del 9N<\/strong><br \/>\nQuan es parla de nacionalisme, els focus medi\u00e0tics es dirigeixen nom\u00e9s cap al Pa\u00eds Basc o Catalunya. Per\u00f2, qu\u00e8 hi ha del nacionalisme espanyol? Arreu de l\u2019Estat no costa gaire trobar qui defensa que ni existeix, ni ha existit. I \u00e9s que l\u2019espanyol \u00e9s un nacionalisme sense mirall, que no \u00e9s capa\u00e7 de mirar-se a la cara i de recon\u00e8ixer- se com a tal. De manera que, per a bona part dels espanyols, els nacionalistes sempre s\u00f3n \u00abels altres\u00bb.<\/p>\n<p>Per desmuntar aquestes construccions ideol\u00f2giques, Francesc Puigpelat desplega un relat assag\u00edstic sobre com s\u2019ha creat i desenvolupat el nacionalisme espanyol.<\/p>\n<p>N\u2019estableix els primers antecedents en el m\u00edtic Don Pelayo i repassa exhaustivament les manifestacions nacionalistes espanyoles dels dos darrers segles, que arrenquen en la Constituci\u00f3 de 1812, passen pel desastre del 98, la Rep\u00fablica i el franquisme, i arriben a l\u2019actualitat.<\/p>\n<p>Per a Puigpelat el nacionalisme espanyol \u00e9s una ideologia essencialment acr\u00edtica, fossilitzada i id\u00e8ntica a ella mateixa des dels seus or\u00edgens, fonamentada en el car\u00e0cter monol\u00edtic i no plural de la naci\u00f3 espanyola.<\/p>\n<p>Dissabte 21 de gener a les 19 h<br \/>\nBreu hist\u00f2ria del nacionalisme espanyol<br \/>\nFrancesc Puigpelat &#8211; Premi d\u2019Assaig Irla 2016<\/p>\n<p>&nbsp;<\/p>\n","protected":false},"excerpt":{"rendered":"<p>El dissabte dia 21 de gener a les 19 h presentem el llibre &#8220;Breu hist\u00f2ria del nacionalisme espanyol&#8221; de Francesc<\/p>\n","protected":false},"author":1,"featured_media":589,"comment_status":"open","ping_status":"open","sticky":false,"template":"template-centered.php","format":"standard","meta":{"footnotes":""},"categories":[1],"tags":[],"class_list":["post-588","post","type-post","status-publish","format-standard","has-post-thumbnail","hentry","category-general"],"_links":{"self":[{"href":"https:\/\/irla.cat\/casairla\/wp-json\/wp\/v2\/posts\/588","targetHints":{"allow":["GET"]}}],"collection":[{"href":"https:\/\/irla.cat\/casairla\/wp-json\/wp\/v2\/posts"}],"about":[{"href":"https:\/\/irla.cat\/casairla\/wp-json\/wp\/v2\/types\/post"}],"author":[{"embeddable":true,"href":"https:\/\/irla.cat\/casairla\/wp-json\/wp\/v2\/users\/1"}],"replies":[{"embeddable":true,"href":"https:\/\/irla.cat\/casairla\/wp-json\/wp\/v2\/comments?post=588"}],"version-history":[{"count":1,"href":"https:\/\/irla.cat\/casairla\/wp-json\/wp\/v2\/posts\/588\/revisions"}],"predecessor-version":[{"id":590,"href":"https:\/\/irla.cat\/casairla\/wp-json\/wp\/v2\/posts\/588\/revisions\/590"}],"wp:featuredmedia":[{"embeddable":true,"href":"https:\/\/irla.cat\/casairla\/wp-json\/wp\/v2\/media\/589"}],"wp:attachment":[{"href":"https:\/\/irla.cat\/casairla\/wp-json\/wp\/v2\/media?parent=588"}],"wp:term":[{"taxonomy":"category","embeddable":true,"href":"https:\/\/irla.cat\/casairla\/wp-json\/wp\/v2\/categories?post=588"},{"taxonomy":"post_tag","embeddable":true,"href":"https:\/\/irla.cat\/casairla\/wp-json\/wp\/v2\/tags?post=588"}],"curies":[{"name":"wp","href":"https:\/\/api.w.org\/{rel}","templated":true}]}}