{"id":585,"date":"2017-01-02T10:13:30","date_gmt":"2017-01-02T09:13:30","guid":{"rendered":"http:\/\/www.irla.cat\/casairla\/?p=585"},"modified":"2017-05-12T10:20:18","modified_gmt":"2017-05-12T09:20:18","slug":"inauguracio-de-lexposicio-interiors-de-pere-lluis-de-leon","status":"publish","type":"post","link":"https:\/\/irla.cat\/casairla\/2017\/01\/02\/inauguracio-de-lexposicio-interiors-de-pere-lluis-de-leon\/","title":{"rendered":"Inauguraci\u00f3 de l&#8217;exposici\u00f3 &#8220;Interiors&#8221; de Pere Llu\u00eds de Le\u00f3n"},"content":{"rendered":"<p>El proper dissabte dia 14 de gener a les 19 h inaugurem l&#8217;exposici\u00f3 &#8220;Interiors&#8221; de Pere Llu\u00eds de Le\u00f3n.<!--more--><\/p>\n<p>En aquestes obres, s\u2019expressa la sensibilitat vinculada a la quotidianitat de la bellesa, tot i ser complexa. \u00c9s una obra de comprom\u00eds amb un mateix i alhora amb l\u2019entorn.<\/p>\n<p>L\u2019espectador, es pot sentir c\u00f2mplice, no del que diu, sin\u00f3 del que vol dir. El color \u00e9s l\u2019eix fonamental de la seva expressivitat, creant un espai de contrast entre aquest i les figures, que porten a l\u2019espectador a diferents estats d\u2019\u00e0nim.<\/p>\n<p>Pere Llu\u00eds Le\u00f3n va comen\u00e7ar els seus estudis art\u00edstics a Llotja. L\u2019any 1962 comen\u00e7a la formaci\u00f3 art\u00edstica a les Escoles Massana. Posteriorment, a Belles Arts, a Barcelona.<\/p>\n<p>El 1968 marxa a Par\u00eds, B\u00e8lgica i Holanda per con\u00e8ixer pintors i t\u00e8cniques diverses. Torna a Barcelona i \u00e9s fundador i membre actiu de l\u2019Associaci\u00f3 de Pintors de la Pla\u00e7a Sant Josep Oriol entre els anys 1974 al 1982.<\/p>\n<p>Comen\u00e7a a treballar en la il\u00b7lustraci\u00f3 pels laboratoris farmac\u00e8utics, especialitzant-se cada vegada m\u00e9s en medicina (anatomia i cirurgia). A partir de 1992 s\u2019estableix com a freelance, col\u00b7laborant amb el departament d\u2019Anatomia de la Facultat de Medicina de Barcelona, de Bellaterra, de Montpeller, d\u2019Estrasburg i amb diversos hospitals d\u2019Espanya i Europa, i per a revistes m\u00e8diques-cient\u00edfiques divulgatives arreu del m\u00f3n.<\/p>\n<p>En l\u2019actualitat alterna els seus treballs entre la il\u00b7lustraci\u00f3 anat\u00f2mica i la il\u00b7lustraci\u00f3 did\u00e0ctica-cient\u00edfica i l\u2019obra pict\u00f2rica.<\/p>\n<p>Vernissatge el dissabte 14 de gener a les 19 h.<br \/>\nL&#8217;obra s&#8217;exposar\u00e0 Del 14 de gener al 26 de febrer<br \/>\nEntrada lliure i gratu\u00efta.<\/p>\n<p>&nbsp;<\/p>\n","protected":false},"excerpt":{"rendered":"<p>El proper dissabte dia 14 de gener a les 19 h inaugurem l&#8217;exposici\u00f3 &#8220;Interiors&#8221; de Pere Llu\u00eds de Le\u00f3n.<\/p>\n","protected":false},"author":1,"featured_media":586,"comment_status":"open","ping_status":"open","sticky":false,"template":"template-centered.php","format":"standard","meta":{"footnotes":""},"categories":[1],"tags":[],"class_list":["post-585","post","type-post","status-publish","format-standard","has-post-thumbnail","hentry","category-general"],"_links":{"self":[{"href":"https:\/\/irla.cat\/casairla\/wp-json\/wp\/v2\/posts\/585","targetHints":{"allow":["GET"]}}],"collection":[{"href":"https:\/\/irla.cat\/casairla\/wp-json\/wp\/v2\/posts"}],"about":[{"href":"https:\/\/irla.cat\/casairla\/wp-json\/wp\/v2\/types\/post"}],"author":[{"embeddable":true,"href":"https:\/\/irla.cat\/casairla\/wp-json\/wp\/v2\/users\/1"}],"replies":[{"embeddable":true,"href":"https:\/\/irla.cat\/casairla\/wp-json\/wp\/v2\/comments?post=585"}],"version-history":[{"count":1,"href":"https:\/\/irla.cat\/casairla\/wp-json\/wp\/v2\/posts\/585\/revisions"}],"predecessor-version":[{"id":587,"href":"https:\/\/irla.cat\/casairla\/wp-json\/wp\/v2\/posts\/585\/revisions\/587"}],"wp:featuredmedia":[{"embeddable":true,"href":"https:\/\/irla.cat\/casairla\/wp-json\/wp\/v2\/media\/586"}],"wp:attachment":[{"href":"https:\/\/irla.cat\/casairla\/wp-json\/wp\/v2\/media?parent=585"}],"wp:term":[{"taxonomy":"category","embeddable":true,"href":"https:\/\/irla.cat\/casairla\/wp-json\/wp\/v2\/categories?post=585"},{"taxonomy":"post_tag","embeddable":true,"href":"https:\/\/irla.cat\/casairla\/wp-json\/wp\/v2\/tags?post=585"}],"curies":[{"name":"wp","href":"https:\/\/api.w.org\/{rel}","templated":true}]}}