{"id":582,"date":"2017-01-09T10:09:36","date_gmt":"2017-01-09T09:09:36","guid":{"rendered":"http:\/\/www.irla.cat\/casairla\/?p=582"},"modified":"2017-05-12T10:13:28","modified_gmt":"2017-05-12T09:13:28","slug":"la-casa-irla-inaugura-la-nova-programacio-cultural-hivern-2017","status":"publish","type":"post","link":"https:\/\/irla.cat\/casairla\/2017\/01\/09\/la-casa-irla-inaugura-la-nova-programacio-cultural-hivern-2017\/","title":{"rendered":"La Casa Irla inaugura la nova programaci\u00f3 cultural hivern 2017"},"content":{"rendered":"<p>La Casa Irla-Fundaci\u00f3 Josep Irla de Sant Feliu de Gu\u00edxols inaugura nova temporada cultural Hivern 2017. Tornen els concerts en directe, les exposicions d&#8217;art i les presentacions de llibres.<!--more--><\/p>\n<p>De nou la Casa Irla es posa en marxa en aquesta nova Temporada Hivern 2017.<\/p>\n<p>La taverna de Cas Romagu\u00e9, inicia una nova etapa, Kevin Abbot deixa la direcci\u00f3 i agafen el relleu l\u2019Agus i en Xavi. A la taverna trobareu noves experi\u00e8ncies musicals en directe i noves propostes gastron\u00f2miques.<\/p>\n<p>Aquesta temporada que us presentem, aposta com sempre per la literatura, l\u2019 exposici\u00f3 de pintura i de fotografia. Com a novetat destacar que comptem amb la col\u00b7laboraci\u00f3 d\u2019en Manel Marzo-Mart per l\u2019assessorament art\u00edstic. Son temps apassionants pel nostre pa\u00eds, uns temps que ens hi ha de portar<br \/>\na assolir la independ\u00e8ncia.<\/p>\n<p><em>La Rep\u00fablica i Catalunya tenen la porta oberta a totes les reivindicacions pol\u00edtiques, econ\u00f2miques i socials que han de ser els fonaments d\u2019aquesta nova societat que tots sentim, que tots volem i que estem disposats al m\u00e0xim de sacrifici per veure-la realitzada.<\/em><br \/>\n<em>Josep Irla<\/em><\/p>\n<p>Manel Gorro<br \/>\nDirector Casa Irla<\/p>\n","protected":false},"excerpt":{"rendered":"<p>La Casa Irla-Fundaci\u00f3 Josep Irla de Sant Feliu de Gu\u00edxols inaugura nova temporada cultural Hivern 2017. Tornen els concerts en<\/p>\n","protected":false},"author":1,"featured_media":583,"comment_status":"open","ping_status":"open","sticky":false,"template":"template-centered.php","format":"standard","meta":{"footnotes":""},"categories":[1],"tags":[],"class_list":["post-582","post","type-post","status-publish","format-standard","has-post-thumbnail","hentry","category-general"],"_links":{"self":[{"href":"https:\/\/irla.cat\/casairla\/wp-json\/wp\/v2\/posts\/582","targetHints":{"allow":["GET"]}}],"collection":[{"href":"https:\/\/irla.cat\/casairla\/wp-json\/wp\/v2\/posts"}],"about":[{"href":"https:\/\/irla.cat\/casairla\/wp-json\/wp\/v2\/types\/post"}],"author":[{"embeddable":true,"href":"https:\/\/irla.cat\/casairla\/wp-json\/wp\/v2\/users\/1"}],"replies":[{"embeddable":true,"href":"https:\/\/irla.cat\/casairla\/wp-json\/wp\/v2\/comments?post=582"}],"version-history":[{"count":1,"href":"https:\/\/irla.cat\/casairla\/wp-json\/wp\/v2\/posts\/582\/revisions"}],"predecessor-version":[{"id":584,"href":"https:\/\/irla.cat\/casairla\/wp-json\/wp\/v2\/posts\/582\/revisions\/584"}],"wp:featuredmedia":[{"embeddable":true,"href":"https:\/\/irla.cat\/casairla\/wp-json\/wp\/v2\/media\/583"}],"wp:attachment":[{"href":"https:\/\/irla.cat\/casairla\/wp-json\/wp\/v2\/media?parent=582"}],"wp:term":[{"taxonomy":"category","embeddable":true,"href":"https:\/\/irla.cat\/casairla\/wp-json\/wp\/v2\/categories?post=582"},{"taxonomy":"post_tag","embeddable":true,"href":"https:\/\/irla.cat\/casairla\/wp-json\/wp\/v2\/tags?post=582"}],"curies":[{"name":"wp","href":"https:\/\/api.w.org\/{rel}","templated":true}]}}