{"id":579,"date":"2016-11-14T10:07:16","date_gmt":"2016-11-14T09:07:16","guid":{"rendered":"http:\/\/www.irla.cat\/casairla\/?p=579"},"modified":"2017-05-12T10:09:10","modified_gmt":"2017-05-12T09:09:10","slug":"xerrada-amb-jordi-alberti-sobre-la-bandera-catalana","status":"publish","type":"post","link":"https:\/\/irla.cat\/casairla\/2016\/11\/14\/xerrada-amb-jordi-alberti-sobre-la-bandera-catalana\/","title":{"rendered":"Xerrada amb Jordi Albert\u00ed sobre la bandera catalana"},"content":{"rendered":"<p>El proper dia 26 de novembre a les 19 h a la Casa Irla de Sant Feliu de Gu\u00edxols xerrada amb Jordi Albert\u00ed sobre la bandera catalana.<\/p>\n<p><!--more--><\/p>\n<p>Jordi Albert\u00ed (Cass\u00e0 de la Selva, 1950)<\/p>\n<p>Quin va ser l\u2019origen de la bandera catalana? Es pot datar amb exactitud? \u00c9s certa la llegenda de Guifr\u00e9 el Pel\u00f3s? I la d\u2019Otger Catal\u00f3?<\/p>\n<p>La senyera prov\u00e9 del Casal de Barcelona o dels reis d\u2019Arag\u00f3? \u00c9s correcte parlar de les \u201cquatre barres\u201d o n\u2019hem de dir faixes? Quina relaci\u00f3 ha existit entre la bandera catalana i la creu de San Jordi?<\/p>\n<p>I amb la bandera catalana i la creu de Sant Jordi? I amb la bandera d\u2019Espanya?<\/p>\n<p>Quines banderes van onejar durant la Guerra dels Segadors? I en el setge de l\u2019Onze de Setembre? Des de quan podem parlar de bandera nacional? Els primers republicans l\u2019enarboraven? Es parlava de la bandera, a l\u2019Estatut de 1932?<\/p>\n<p>Per qu\u00e8 es va incorporar el color morat a la bandera republicana? Durant la Guerra Civil va ser present als camps de batalla? Com va n\u00e9ixer l\u2019estelada?<\/p>\n<p>&nbsp;<\/p>\n","protected":false},"excerpt":{"rendered":"<p>El proper dia 26 de novembre a les 19 h a la Casa Irla de Sant Feliu de Gu\u00edxols xerrada<\/p>\n","protected":false},"author":1,"featured_media":580,"comment_status":"open","ping_status":"open","sticky":false,"template":"template-centered.php","format":"standard","meta":{"footnotes":""},"categories":[1],"tags":[],"class_list":["post-579","post","type-post","status-publish","format-standard","has-post-thumbnail","hentry","category-general"],"_links":{"self":[{"href":"https:\/\/irla.cat\/casairla\/wp-json\/wp\/v2\/posts\/579","targetHints":{"allow":["GET"]}}],"collection":[{"href":"https:\/\/irla.cat\/casairla\/wp-json\/wp\/v2\/posts"}],"about":[{"href":"https:\/\/irla.cat\/casairla\/wp-json\/wp\/v2\/types\/post"}],"author":[{"embeddable":true,"href":"https:\/\/irla.cat\/casairla\/wp-json\/wp\/v2\/users\/1"}],"replies":[{"embeddable":true,"href":"https:\/\/irla.cat\/casairla\/wp-json\/wp\/v2\/comments?post=579"}],"version-history":[{"count":1,"href":"https:\/\/irla.cat\/casairla\/wp-json\/wp\/v2\/posts\/579\/revisions"}],"predecessor-version":[{"id":581,"href":"https:\/\/irla.cat\/casairla\/wp-json\/wp\/v2\/posts\/579\/revisions\/581"}],"wp:featuredmedia":[{"embeddable":true,"href":"https:\/\/irla.cat\/casairla\/wp-json\/wp\/v2\/media\/580"}],"wp:attachment":[{"href":"https:\/\/irla.cat\/casairla\/wp-json\/wp\/v2\/media?parent=579"}],"wp:term":[{"taxonomy":"category","embeddable":true,"href":"https:\/\/irla.cat\/casairla\/wp-json\/wp\/v2\/categories?post=579"},{"taxonomy":"post_tag","embeddable":true,"href":"https:\/\/irla.cat\/casairla\/wp-json\/wp\/v2\/tags?post=579"}],"curies":[{"name":"wp","href":"https:\/\/api.w.org\/{rel}","templated":true}]}}