{"id":576,"date":"2016-11-02T10:04:56","date_gmt":"2016-11-02T09:04:56","guid":{"rendered":"http:\/\/www.irla.cat\/casairla\/?p=576"},"modified":"2017-05-12T10:06:53","modified_gmt":"2017-05-12T09:06:53","slug":"presentacio-el-llibre-anar-de-debo-de-borja-de-riquer","status":"publish","type":"post","link":"https:\/\/irla.cat\/casairla\/2016\/11\/02\/presentacio-el-llibre-anar-de-debo-de-borja-de-riquer\/","title":{"rendered":"Presentaci\u00f3 el llibre &#8220;Anar de deb\u00f2&#8221; de Borja de Riquer"},"content":{"rendered":"<p>Dissabte 19 de novembre, 18.30 h es presentar\u00e0 a la Casa Irla el llibre &#8220;Anar de deb\u00f2&#8221; de Borja de Riquer.<\/p>\n<p><!--more--><\/p>\n<p>Borja de Riquer i Permanyer (Barcelona, 1945)<\/p>\n<p>Fa cinc anys que els catalans vivim una situaci\u00f3 pol\u00edtica tan excepcional com inesperada: ens trobem davant d\u2019una cru\u00eflla hist\u00f2rica de gran transcend\u00e8ncia. L\u2019an\u00e0lisi hist\u00f2rica pot ajudar a comprendre els or\u00edgens i la natura d\u2019aquest llarg enfrontament entre la ciutadania catalana i les institucions pol\u00edtiques. Anar de deb\u00f2: els catalans i Espanya reuneix escrits del professor Borja de Riquer publicats durant una d\u00e8cada.<\/p>\n<p>D\u2019una banda estudien etapes hist\u00f2riques dels segles xix i xx, que, a grans trets, se centren en l\u2019an\u00e0lisi del lloc i del paper dels catalans en la pol\u00edtica espanyola contempor\u00e0nia, i en el sorgiment i l\u2019actuaci\u00f3 del moviment catalanista. De l\u2019altra analitzen situacions del temps present, del segle xxi, a trav\u00e9s d\u2019articles publicats a la premsa. L\u2019historiador Borja de Riquer tracta en aquest llibre el nacionalisme catal\u00e0, un moviment pol\u00edtic que t\u00e9 el seu origen en la relaci\u00f3 entre Espanya i Catalunya en els segles xix i xx i que, avui en dia, \u00e9s el principal tema de debat historiogr\u00e0fic i pol\u00edtic.<\/p>\n<p>\u00abEspero que el conjunt d\u2019aquests textos serveixi als lectors per disposar de m\u00e9s elements d\u2019informaci\u00f3 amb qu\u00e8 assolir una millor comprensi\u00f3 del que ha passat a Catalunya i com hem arribat on som.\u00bb<\/p>\n<p>&nbsp;<\/p>\n","protected":false},"excerpt":{"rendered":"<p>Dissabte 19 de novembre, 18.30 h es presentar\u00e0 a la Casa Irla el llibre &#8220;Anar de deb\u00f2&#8221; de Borja de<\/p>\n","protected":false},"author":1,"featured_media":577,"comment_status":"open","ping_status":"open","sticky":false,"template":"template-centered.php","format":"standard","meta":{"footnotes":""},"categories":[1],"tags":[],"class_list":["post-576","post","type-post","status-publish","format-standard","has-post-thumbnail","hentry","category-general"],"_links":{"self":[{"href":"https:\/\/irla.cat\/casairla\/wp-json\/wp\/v2\/posts\/576","targetHints":{"allow":["GET"]}}],"collection":[{"href":"https:\/\/irla.cat\/casairla\/wp-json\/wp\/v2\/posts"}],"about":[{"href":"https:\/\/irla.cat\/casairla\/wp-json\/wp\/v2\/types\/post"}],"author":[{"embeddable":true,"href":"https:\/\/irla.cat\/casairla\/wp-json\/wp\/v2\/users\/1"}],"replies":[{"embeddable":true,"href":"https:\/\/irla.cat\/casairla\/wp-json\/wp\/v2\/comments?post=576"}],"version-history":[{"count":1,"href":"https:\/\/irla.cat\/casairla\/wp-json\/wp\/v2\/posts\/576\/revisions"}],"predecessor-version":[{"id":578,"href":"https:\/\/irla.cat\/casairla\/wp-json\/wp\/v2\/posts\/576\/revisions\/578"}],"wp:featuredmedia":[{"embeddable":true,"href":"https:\/\/irla.cat\/casairla\/wp-json\/wp\/v2\/media\/577"}],"wp:attachment":[{"href":"https:\/\/irla.cat\/casairla\/wp-json\/wp\/v2\/media?parent=576"}],"wp:term":[{"taxonomy":"category","embeddable":true,"href":"https:\/\/irla.cat\/casairla\/wp-json\/wp\/v2\/categories?post=576"},{"taxonomy":"post_tag","embeddable":true,"href":"https:\/\/irla.cat\/casairla\/wp-json\/wp\/v2\/tags?post=576"}],"curies":[{"name":"wp","href":"https:\/\/api.w.org\/{rel}","templated":true}]}}