{"id":572,"date":"2016-10-24T10:02:35","date_gmt":"2016-10-24T09:02:35","guid":{"rendered":"http:\/\/www.irla.cat\/casairla\/?p=572"},"modified":"2017-05-12T10:04:49","modified_gmt":"2017-05-12T09:04:49","slug":"concert-els-scarbeats-a-la-casa-irla","status":"publish","type":"post","link":"https:\/\/irla.cat\/casairla\/2016\/10\/24\/concert-els-scarbeats-a-la-casa-irla\/","title":{"rendered":"Concert dels Scarbeats a la Casa Irla el 5 de novembre"},"content":{"rendered":"<p>El dissabte dia 5 de novembre a les 22 h a la Casa Irla de Sant Feliu de Gu\u00edxols rebrem al grup Scarbeats en concert.<\/p>\n<p><!--more--><\/p>\n<p>Dissabte 5 de novembre, 22 h<br \/>\nSCARBEATS<br \/>\nAquest concert est\u00e0 programat per la Fundaci\u00f3 Josep Irla<\/p>\n<p>Qui no ha ballat o cantat mai una dels BEATLES?<br \/>\nQui no s\u2019ha emocionat o enamorat amb els 4 nois de Liverpool?<br \/>\nViu en directe les can\u00e7ons que formen part de la nostra vida: Yesterday,<br \/>\nTwist and shout, Michelle, She loves you\u2026<br \/>\nDeixa\u2019t portar per SCARBEATS un quartet tribut als BEATLES que no tan sols<br \/>\nversionen fidelment al grup m\u00e9s influent de la hist\u00f2ria de la m\u00fasica moderna sin\u00f3<br \/>\nque van m\u00e9s enll\u00e0, contagiant-nos tamb\u00e9 del seu esperit.<\/p>\n<p>&nbsp;<\/p>\n","protected":false},"excerpt":{"rendered":"<p>El dissabte dia 5 de novembre a les 22 h a la Casa Irla de Sant Feliu de Gu\u00edxols rebrem<\/p>\n","protected":false},"author":1,"featured_media":573,"comment_status":"open","ping_status":"open","sticky":false,"template":"template-centered.php","format":"standard","meta":{"footnotes":""},"categories":[1],"tags":[],"class_list":["post-572","post","type-post","status-publish","format-standard","has-post-thumbnail","hentry","category-general"],"_links":{"self":[{"href":"https:\/\/irla.cat\/casairla\/wp-json\/wp\/v2\/posts\/572","targetHints":{"allow":["GET"]}}],"collection":[{"href":"https:\/\/irla.cat\/casairla\/wp-json\/wp\/v2\/posts"}],"about":[{"href":"https:\/\/irla.cat\/casairla\/wp-json\/wp\/v2\/types\/post"}],"author":[{"embeddable":true,"href":"https:\/\/irla.cat\/casairla\/wp-json\/wp\/v2\/users\/1"}],"replies":[{"embeddable":true,"href":"https:\/\/irla.cat\/casairla\/wp-json\/wp\/v2\/comments?post=572"}],"version-history":[{"count":2,"href":"https:\/\/irla.cat\/casairla\/wp-json\/wp\/v2\/posts\/572\/revisions"}],"predecessor-version":[{"id":575,"href":"https:\/\/irla.cat\/casairla\/wp-json\/wp\/v2\/posts\/572\/revisions\/575"}],"wp:featuredmedia":[{"embeddable":true,"href":"https:\/\/irla.cat\/casairla\/wp-json\/wp\/v2\/media\/573"}],"wp:attachment":[{"href":"https:\/\/irla.cat\/casairla\/wp-json\/wp\/v2\/media?parent=572"}],"wp:term":[{"taxonomy":"category","embeddable":true,"href":"https:\/\/irla.cat\/casairla\/wp-json\/wp\/v2\/categories?post=572"},{"taxonomy":"post_tag","embeddable":true,"href":"https:\/\/irla.cat\/casairla\/wp-json\/wp\/v2\/tags?post=572"}],"curies":[{"name":"wp","href":"https:\/\/api.w.org\/{rel}","templated":true}]}}