{"id":568,"date":"2016-10-11T10:00:33","date_gmt":"2016-10-11T09:00:33","guid":{"rendered":"http:\/\/www.irla.cat\/casairla\/?p=568"},"modified":"2017-05-12T10:02:17","modified_gmt":"2017-05-12T09:02:17","slug":"presentacio-del-llibre-i-excursio-amb-assumpta-montella","status":"publish","type":"post","link":"https:\/\/irla.cat\/casairla\/2016\/10\/11\/presentacio-del-llibre-i-excursio-amb-assumpta-montella\/","title":{"rendered":"Presentaci\u00f3 del llibre i excursi\u00f3 amb Assumpta Montella"},"content":{"rendered":"<p>El proper dia 22 d&#8217;octubre a les 20 h es far\u00e0 la presentaci\u00f3 del llibre &#8220;115 dies a l&#8217;Ebre&#8221; de l&#8217;Assumpta Montell\u00e0 a la Casa Irla en col\u00b7laboraci\u00f3 amb l&#8217;associaci\u00f3 Amics del Museu de Sant Feliu de Gu\u00edxols.<\/p>\n<p><!--more--><\/p>\n<p>El proper diumenge 6 de novembre es far\u00e0 una excursi\u00f3 a Corbera &#8216;Ebre per a con\u00e8ixer els escenaris de la batalla de l&#8217;Ebre.<\/p>\n<p>L&#8217;excursi\u00f3 ser\u00e0 guiada per l&#8217;Assumpta Montella amb un preu\u00a055 \u20ac per persona i inclou dinar, entrades al museu, autocar.<\/p>\n<p>Podeu consultar tota la informaci\u00f3 sobre la sortida trucant a la Casa Irla al tel\u00e8fon 972 11 74 39<\/p>\n<p>115 s\u00f3n els dies que va durar la batalla m\u00e9s decisiva de la Guerra Civil, la m\u00e9s sagnant i irracional de la nostra hist\u00f2ria contempor\u00e0nia, i que va tocar a moltes fam\u00edlies catalanes d&#8217;una manera o altra, tant als coetanis que encara viuen i recorden com van patir en pr\u00f2pia pell aquell drama, com les generacions posteriors.<\/p>\n<p>Tots hem tingut un avi, un pare o un oncle que va lluitar o morir a la batalla de l&#8217;Ebre, molts d&#8217;ells de la lleva del biber\u00f3.<\/p>\n<p>La ruta dins els escenaris de la Batalla de l\u2019Ebre permet con\u00e8ixer i palpar aquell passat.<br \/>\nTornar a creuar l\u2019Ebre, i no per batalles in\u00fatils, sin\u00f3 per entendre moltes preguntes sense respostes.<br \/>\nPassejar pel poble derru\u00eft de Corbera, entrar a les trinxeres, con\u00e8ixer la fossa com\u00fa de Les Camposines&#8230; entre altres espais, ens permeten apropar-nos a un passat i convertir-lo en un homenatge per a tots aquells que hi van deixar la vida.<\/p>\n<p>&nbsp;<\/p>\n","protected":false},"excerpt":{"rendered":"<p>El proper dia 22 d&#8217;octubre a les 20 h es far\u00e0 la presentaci\u00f3 del llibre &#8220;115 dies a l&#8217;Ebre&#8221; de<\/p>\n","protected":false},"author":1,"featured_media":569,"comment_status":"open","ping_status":"open","sticky":false,"template":"template-centered.php","format":"standard","meta":{"footnotes":""},"categories":[1],"tags":[],"class_list":["post-568","post","type-post","status-publish","format-standard","has-post-thumbnail","hentry","category-general"],"_links":{"self":[{"href":"https:\/\/irla.cat\/casairla\/wp-json\/wp\/v2\/posts\/568","targetHints":{"allow":["GET"]}}],"collection":[{"href":"https:\/\/irla.cat\/casairla\/wp-json\/wp\/v2\/posts"}],"about":[{"href":"https:\/\/irla.cat\/casairla\/wp-json\/wp\/v2\/types\/post"}],"author":[{"embeddable":true,"href":"https:\/\/irla.cat\/casairla\/wp-json\/wp\/v2\/users\/1"}],"replies":[{"embeddable":true,"href":"https:\/\/irla.cat\/casairla\/wp-json\/wp\/v2\/comments?post=568"}],"version-history":[{"count":2,"href":"https:\/\/irla.cat\/casairla\/wp-json\/wp\/v2\/posts\/568\/revisions"}],"predecessor-version":[{"id":571,"href":"https:\/\/irla.cat\/casairla\/wp-json\/wp\/v2\/posts\/568\/revisions\/571"}],"wp:featuredmedia":[{"embeddable":true,"href":"https:\/\/irla.cat\/casairla\/wp-json\/wp\/v2\/media\/569"}],"wp:attachment":[{"href":"https:\/\/irla.cat\/casairla\/wp-json\/wp\/v2\/media?parent=568"}],"wp:term":[{"taxonomy":"category","embeddable":true,"href":"https:\/\/irla.cat\/casairla\/wp-json\/wp\/v2\/categories?post=568"},{"taxonomy":"post_tag","embeddable":true,"href":"https:\/\/irla.cat\/casairla\/wp-json\/wp\/v2\/tags?post=568"}],"curies":[{"name":"wp","href":"https:\/\/api.w.org\/{rel}","templated":true}]}}