{"id":565,"date":"2016-09-27T09:54:50","date_gmt":"2016-09-27T08:54:50","guid":{"rendered":"http:\/\/www.irla.cat\/casairla\/?p=565"},"modified":"2017-05-12T09:56:39","modified_gmt":"2017-05-12T08:56:39","slug":"xerrada-amb-imma-cabre-sobre-el-seu-llibre-els-senyors-del-poder","status":"publish","type":"post","link":"https:\/\/irla.cat\/casairla\/2016\/09\/27\/xerrada-amb-imma-cabre-sobre-el-seu-llibre-els-senyors-del-poder\/","title":{"rendered":"Xerrada amb Imma Cabr\u00e9 sobre el seu llibre &#8220;Els senyors del poder&#8221;"},"content":{"rendered":"<p>El proper dia 8 d&#8217;octubre a les 18:30h la Imma Cabr\u00e9 ens far\u00e0 una xerrada sobre el seu llibre &#8220;Els senyors del poder&#8221; a la Casa Irla de Sant Feliu de Gu\u00edxols.<!--more--><\/p>\n<p>Els senyors del poder<br \/>\nImma Cabr\u00e9 (Sabadell, 1965)<\/p>\n<p>Natividad Yarza va ser la primera alcaldessa de l\u2019Estat espanyol. Va n\u00e9ixer a Valladolid. Va venir a Catalunya a fer de mestra. Va presentar-se a les eleccions municipals del 1934 per Esquerra Republicana de Catalunya i va ser elegida alcaldessa de Bellprat, a l\u2019Anoia. Va ser una dona valenta i lluitadora que s\u2019arromang\u00e0 de valent per canviar les coses, per\u00f2 no comptava que toparia amb els senyors del poder.<\/p>\n<p>\u2018Els senyors del poder\u2019 \u00e9s una hist\u00f2ria de manipulacions. \u00c9s un relat que transcorre entre dues \u00e8poques, l\u2019etapa republicana i l\u2019actual, on tot el poder ja no \u00e9s en mans dels de sempre. O potser s\u00ed.<\/p>\n<p>&nbsp;<\/p>\n","protected":false},"excerpt":{"rendered":"<p>El proper dia 8 d&#8217;octubre a les 18:30h la Imma Cabr\u00e9 ens far\u00e0 una xerrada sobre el seu llibre &#8220;Els<\/p>\n","protected":false},"author":1,"featured_media":566,"comment_status":"open","ping_status":"open","sticky":false,"template":"template-centered.php","format":"standard","meta":{"footnotes":""},"categories":[1],"tags":[],"class_list":["post-565","post","type-post","status-publish","format-standard","has-post-thumbnail","hentry","category-general"],"_links":{"self":[{"href":"https:\/\/irla.cat\/casairla\/wp-json\/wp\/v2\/posts\/565","targetHints":{"allow":["GET"]}}],"collection":[{"href":"https:\/\/irla.cat\/casairla\/wp-json\/wp\/v2\/posts"}],"about":[{"href":"https:\/\/irla.cat\/casairla\/wp-json\/wp\/v2\/types\/post"}],"author":[{"embeddable":true,"href":"https:\/\/irla.cat\/casairla\/wp-json\/wp\/v2\/users\/1"}],"replies":[{"embeddable":true,"href":"https:\/\/irla.cat\/casairla\/wp-json\/wp\/v2\/comments?post=565"}],"version-history":[{"count":1,"href":"https:\/\/irla.cat\/casairla\/wp-json\/wp\/v2\/posts\/565\/revisions"}],"predecessor-version":[{"id":567,"href":"https:\/\/irla.cat\/casairla\/wp-json\/wp\/v2\/posts\/565\/revisions\/567"}],"wp:featuredmedia":[{"embeddable":true,"href":"https:\/\/irla.cat\/casairla\/wp-json\/wp\/v2\/media\/566"}],"wp:attachment":[{"href":"https:\/\/irla.cat\/casairla\/wp-json\/wp\/v2\/media?parent=565"}],"wp:term":[{"taxonomy":"category","embeddable":true,"href":"https:\/\/irla.cat\/casairla\/wp-json\/wp\/v2\/categories?post=565"},{"taxonomy":"post_tag","embeddable":true,"href":"https:\/\/irla.cat\/casairla\/wp-json\/wp\/v2\/tags?post=565"}],"curies":[{"name":"wp","href":"https:\/\/api.w.org\/{rel}","templated":true}]}}