{"id":562,"date":"2016-09-21T09:51:21","date_gmt":"2016-09-21T08:51:21","guid":{"rendered":"http:\/\/www.irla.cat\/casairla\/?p=562"},"modified":"2017-05-12T09:54:31","modified_gmt":"2017-05-12T08:54:31","slug":"david-sano-i-marc-juera-presenten-el-seu-llibre-trazos-de-luz","status":"publish","type":"post","link":"https:\/\/irla.cat\/casairla\/2016\/09\/21\/david-sano-i-marc-juera-presenten-el-seu-llibre-trazos-de-luz\/","title":{"rendered":"David San\u00f3 i Marc Juera presenten el seu llibre &#8220;Trazos de luz&#8221;"},"content":{"rendered":"<p>El proper dissabte dia 1 d&#8217;octubre a les 19 h, David Sand\u00f3 i Marc Juera presenten el llibre &#8220;Trazos de luz&#8221;.<\/p>\n<p><!--more--><\/p>\n<p>David Sand\u00f3 (Girona, 1972), Marc Juera (Sant Feliu de Gu\u00edxols, 1974)<\/p>\n<p>David Sand\u00f3 y Marc Juera ens transporten a un m\u00f3n en el qual la m\u00e0gia \u00e9s alguna cosa viva, un m\u00f3n de miracles i horrors, d\u2019herois i dimonis.<\/p>\n<p>En la ciutat de Hefestia, els destins d\u2019un mag repudiat i d\u2019una jove maldita quedaran irremissiblement units per una amena\u00e7a que podria suposar la fi de tota la humanitat.<br \/>\nAtreveix-te a sentir el poder de la m\u00e0gia.<\/p>\n<p>Es servir\u00e0 un petit refrigeri en acabar l&#8217;acte.<\/p>\n<p>Entrada lliure i gratu\u00efta.<\/p>\n<p>&nbsp;<\/p>\n","protected":false},"excerpt":{"rendered":"<p>El proper dissabte dia 1 d&#8217;octubre a les 19 h, David Sand\u00f3 i Marc Juera presenten el llibre &#8220;Trazos de<\/p>\n","protected":false},"author":1,"featured_media":563,"comment_status":"open","ping_status":"open","sticky":false,"template":"template-centered.php","format":"standard","meta":{"footnotes":""},"categories":[1],"tags":[],"class_list":["post-562","post","type-post","status-publish","format-standard","has-post-thumbnail","hentry","category-general"],"_links":{"self":[{"href":"https:\/\/irla.cat\/casairla\/wp-json\/wp\/v2\/posts\/562","targetHints":{"allow":["GET"]}}],"collection":[{"href":"https:\/\/irla.cat\/casairla\/wp-json\/wp\/v2\/posts"}],"about":[{"href":"https:\/\/irla.cat\/casairla\/wp-json\/wp\/v2\/types\/post"}],"author":[{"embeddable":true,"href":"https:\/\/irla.cat\/casairla\/wp-json\/wp\/v2\/users\/1"}],"replies":[{"embeddable":true,"href":"https:\/\/irla.cat\/casairla\/wp-json\/wp\/v2\/comments?post=562"}],"version-history":[{"count":1,"href":"https:\/\/irla.cat\/casairla\/wp-json\/wp\/v2\/posts\/562\/revisions"}],"predecessor-version":[{"id":564,"href":"https:\/\/irla.cat\/casairla\/wp-json\/wp\/v2\/posts\/562\/revisions\/564"}],"wp:featuredmedia":[{"embeddable":true,"href":"https:\/\/irla.cat\/casairla\/wp-json\/wp\/v2\/media\/563"}],"wp:attachment":[{"href":"https:\/\/irla.cat\/casairla\/wp-json\/wp\/v2\/media?parent=562"}],"wp:term":[{"taxonomy":"category","embeddable":true,"href":"https:\/\/irla.cat\/casairla\/wp-json\/wp\/v2\/categories?post=562"},{"taxonomy":"post_tag","embeddable":true,"href":"https:\/\/irla.cat\/casairla\/wp-json\/wp\/v2\/tags?post=562"}],"curies":[{"name":"wp","href":"https:\/\/api.w.org\/{rel}","templated":true}]}}