{"id":559,"date":"2016-09-12T09:49:04","date_gmt":"2016-09-12T08:49:04","guid":{"rendered":"http:\/\/www.irla.cat\/casairla\/?p=559"},"modified":"2017-05-12T09:51:02","modified_gmt":"2017-05-12T08:51:02","slug":"exposicio-moments-costa-brava-quan-cau-la-nit-de-toni-fernandez","status":"publish","type":"post","link":"https:\/\/irla.cat\/casairla\/2016\/09\/12\/exposicio-moments-costa-brava-quan-cau-la-nit-de-toni-fernandez\/","title":{"rendered":"Exposici\u00f3 &#8220;Moments Costa Brava, quan cau la nit&#8221; de Toni Fern\u00e1ndez"},"content":{"rendered":"<p>El proper diumenge dia 25 de setembre a les 12 h del migdia inaugurem una exposici\u00f3 de fotografia que porta per t\u00edtol &#8220;Moments Costa Brava, quan cau la nit&#8221; de Toni Fern\u00e1ndez.<\/p>\n<p><!--more--><\/p>\n<p>Del 25 de setembre al 4 desembre<br \/>\nMoments Costa Brava, quan cau la nit<br \/>\nToni Fern\u00e1ndez &#8211; Fotografia<\/p>\n<p>Totes aquestes imatges s\u00f3n racons de la nostra costa brava, intentant transmetre les sensacions que es poden gaudir en cadascun d\u2019aquests moments, instants sempre irrepetibles.<\/p>\n<p>El cel i la mar, s\u00f3n poesia, s\u00f3n moviment, s\u00f3n armonia, s\u00f3n tristor i alegria\u2026<\/p>\n<p>Vernissatge el diumenge 25 de setembre a les 12 h<\/p>\n<p>Entrada lliure i gratu\u00efta.<\/p>\n<p>&nbsp;<\/p>\n","protected":false},"excerpt":{"rendered":"<p>El proper diumenge dia 25 de setembre a les 12 h del migdia inaugurem una exposici\u00f3 de fotografia que porta<\/p>\n","protected":false},"author":1,"featured_media":560,"comment_status":"open","ping_status":"open","sticky":false,"template":"template-centered.php","format":"standard","meta":{"footnotes":""},"categories":[1],"tags":[],"class_list":["post-559","post","type-post","status-publish","format-standard","has-post-thumbnail","hentry","category-general"],"_links":{"self":[{"href":"https:\/\/irla.cat\/casairla\/wp-json\/wp\/v2\/posts\/559","targetHints":{"allow":["GET"]}}],"collection":[{"href":"https:\/\/irla.cat\/casairla\/wp-json\/wp\/v2\/posts"}],"about":[{"href":"https:\/\/irla.cat\/casairla\/wp-json\/wp\/v2\/types\/post"}],"author":[{"embeddable":true,"href":"https:\/\/irla.cat\/casairla\/wp-json\/wp\/v2\/users\/1"}],"replies":[{"embeddable":true,"href":"https:\/\/irla.cat\/casairla\/wp-json\/wp\/v2\/comments?post=559"}],"version-history":[{"count":1,"href":"https:\/\/irla.cat\/casairla\/wp-json\/wp\/v2\/posts\/559\/revisions"}],"predecessor-version":[{"id":561,"href":"https:\/\/irla.cat\/casairla\/wp-json\/wp\/v2\/posts\/559\/revisions\/561"}],"wp:featuredmedia":[{"embeddable":true,"href":"https:\/\/irla.cat\/casairla\/wp-json\/wp\/v2\/media\/560"}],"wp:attachment":[{"href":"https:\/\/irla.cat\/casairla\/wp-json\/wp\/v2\/media?parent=559"}],"wp:term":[{"taxonomy":"category","embeddable":true,"href":"https:\/\/irla.cat\/casairla\/wp-json\/wp\/v2\/categories?post=559"},{"taxonomy":"post_tag","embeddable":true,"href":"https:\/\/irla.cat\/casairla\/wp-json\/wp\/v2\/tags?post=559"}],"curies":[{"name":"wp","href":"https:\/\/api.w.org\/{rel}","templated":true}]}}