{"id":556,"date":"2016-09-07T09:46:44","date_gmt":"2016-09-07T08:46:44","guid":{"rendered":"http:\/\/www.irla.cat\/casairla\/?p=556"},"modified":"2017-05-12T09:48:55","modified_gmt":"2017-05-12T08:48:55","slug":"posem-nos-a-lhora-100-motius-de-la-reforma-horaria-de-fabian-mohedano","status":"publish","type":"post","link":"https:\/\/irla.cat\/casairla\/2016\/09\/07\/posem-nos-a-lhora-100-motius-de-la-reforma-horaria-de-fabian-mohedano\/","title":{"rendered":"&#8220;Posem-nos a l&#8217;hora. 100 motius de la reforma hor\u00e0ria&#8221; de Fabian Mohedano"},"content":{"rendered":"<p>El proper dissabte dia 17 de setembre a les 18.30 h Fabian Mohedano ens presenta el seu llibre &#8220;Posem-nos a l\u2019hora! 100 motius per a la reforma hor\u00e0ria&#8221;.<!--more--><\/p>\n<p>Fabian Mohedano (Barcelona, 1975)<\/p>\n<p>Amb l\u2019optimisme per bandera, el treball\u00f2leg Fabian Mohedano (@fabianmohedano) plasma ara en un llibre, Posem-nos a l\u2019hora! 100 motius per a la Reforma Hor\u00e0ria (Cosset\u00e0nia Edicions, 2016), els molts arguments que esgrimeix per defensar la Reforma Hor\u00e0ria. Considera que \u00e9s possible canviar els h\u00e0bits i usos del temps d\u2019una ciutadania que viu i treballa a un ritme diferent de l\u2019europeu i a la qual cada vegada m\u00e9s li falta temps per al gaudi personal.<\/p>\n<p>Per aix\u00f2 recull en 211 p\u00e0gines un centenar d\u2019arguments per conv\u00e8ncer fins al m\u00e9s esc\u00e8ptic, fins i tot, esgrimeix que la Reforma Hor\u00e0ria seria positiva perqu\u00e8 augmenti l\u2019aprenentatge de l\u2019angl\u00e8s, l\u2019assignatura pendent de mig pa\u00eds. \u201cL\u2019objectiu ser\u00e0 m\u00e9s factible i estar\u00e0 m\u00e9s a prop\u201d, defensa. Utilitza tots els cartutxos Mohedano, com veieu.<\/p>\n<p>&nbsp;<\/p>\n","protected":false},"excerpt":{"rendered":"<p>El proper dissabte dia 17 de setembre a les 18.30 h Fabian Mohedano ens presenta el seu llibre &#8220;Posem-nos a<\/p>\n","protected":false},"author":1,"featured_media":557,"comment_status":"open","ping_status":"open","sticky":false,"template":"template-centered.php","format":"standard","meta":{"footnotes":""},"categories":[1],"tags":[],"class_list":["post-556","post","type-post","status-publish","format-standard","has-post-thumbnail","hentry","category-general"],"_links":{"self":[{"href":"https:\/\/irla.cat\/casairla\/wp-json\/wp\/v2\/posts\/556","targetHints":{"allow":["GET"]}}],"collection":[{"href":"https:\/\/irla.cat\/casairla\/wp-json\/wp\/v2\/posts"}],"about":[{"href":"https:\/\/irla.cat\/casairla\/wp-json\/wp\/v2\/types\/post"}],"author":[{"embeddable":true,"href":"https:\/\/irla.cat\/casairla\/wp-json\/wp\/v2\/users\/1"}],"replies":[{"embeddable":true,"href":"https:\/\/irla.cat\/casairla\/wp-json\/wp\/v2\/comments?post=556"}],"version-history":[{"count":1,"href":"https:\/\/irla.cat\/casairla\/wp-json\/wp\/v2\/posts\/556\/revisions"}],"predecessor-version":[{"id":558,"href":"https:\/\/irla.cat\/casairla\/wp-json\/wp\/v2\/posts\/556\/revisions\/558"}],"wp:featuredmedia":[{"embeddable":true,"href":"https:\/\/irla.cat\/casairla\/wp-json\/wp\/v2\/media\/557"}],"wp:attachment":[{"href":"https:\/\/irla.cat\/casairla\/wp-json\/wp\/v2\/media?parent=556"}],"wp:term":[{"taxonomy":"category","embeddable":true,"href":"https:\/\/irla.cat\/casairla\/wp-json\/wp\/v2\/categories?post=556"},{"taxonomy":"post_tag","embeddable":true,"href":"https:\/\/irla.cat\/casairla\/wp-json\/wp\/v2\/tags?post=556"}],"curies":[{"name":"wp","href":"https:\/\/api.w.org\/{rel}","templated":true}]}}