{"id":553,"date":"2016-09-02T09:43:06","date_gmt":"2016-09-02T08:43:06","guid":{"rendered":"http:\/\/www.irla.cat\/casairla\/?p=553"},"modified":"2017-05-12T09:46:29","modified_gmt":"2017-05-12T08:46:29","slug":"presentacio-del-llibre-ombres-de-foc-de-jeroni-alsina","status":"publish","type":"post","link":"https:\/\/irla.cat\/casairla\/2016\/09\/02\/presentacio-del-llibre-ombres-de-foc-de-jeroni-alsina\/","title":{"rendered":"Presentaci\u00f3 del llibre &#8220;Ombres de foc&#8221; de Jeroni Alsina"},"content":{"rendered":"<p>El proper dissabte dia 3 de setembre a les 18:30 h inaugurem nova temporada cultural amb la presentaci\u00f3 del llibre &#8220;Ombres de Foc&#8221; de Jeroni Alsina.<\/p>\n<p><!--more--><\/p>\n<p>Jeroni Alsina (Barcelona, 1937)<br \/>\nEs regalar\u00e0 un exemplar del llibre als assistents.<\/p>\n<p>La Segona Guerra Mundial no va comen\u00e7ar l\u00b4any 1941, com molts americans equivocadament<br \/>\ncreuen, ni tampoc l\u00b4any 1939, el considerat moment de l\u2019inici oficial. Les llavors filos\u00f2fiques que, de fet, provocaren la guerra foren plantades molt abans.<\/p>\n<p>El mateix Samuel Klein, ja veia, a principis de la d\u00e8cada dels anys trenta, el perill imminent que la<br \/>\nfilosofia dels nazis representava pels jueus. Per protegir la seva llibertat &#8211; i la seva vidava fugir d\u2019Alemanya cap a Anglaterra i va entrar al MI6 per lluitar contra el feixisme.<\/p>\n<p>Ombres de foc, \u00e9s una obra convincent de ficci\u00f3 hist\u00f2rica que segueix la fam\u00edlia Klein des dels anys trenta fins als seixanta, i ofereix una visi\u00f3 fascinant de la bogeria ideol\u00f2gica que va envair Europa i que va portar a la Segona Guerra Mundial, com tamb\u00e9 descriu les filosofies i els aven\u00e7os m\u00e8dics que es produ\u00efren en les d\u00e8cades posteriors a la guerra.<\/p>\n<p>Il\u00b7luminant les intrigues pol\u00edtiques de la Guerra Civil Espanyola i de la Segona Guerra Mundial, i narrant els primers trasplantaments renals a Fran\u00e7a i Espanya durant la d\u00e8cada dels seixanta.<\/p>\n<p>&nbsp;<\/p>\n","protected":false},"excerpt":{"rendered":"<p>El proper dissabte dia 3 de setembre a les 18:30 h inaugurem nova temporada cultural amb la presentaci\u00f3 del llibre<\/p>\n","protected":false},"author":1,"featured_media":554,"comment_status":"open","ping_status":"open","sticky":false,"template":"template-centered.php","format":"standard","meta":{"footnotes":""},"categories":[1],"tags":[],"class_list":["post-553","post","type-post","status-publish","format-standard","has-post-thumbnail","hentry","category-general"],"_links":{"self":[{"href":"https:\/\/irla.cat\/casairla\/wp-json\/wp\/v2\/posts\/553","targetHints":{"allow":["GET"]}}],"collection":[{"href":"https:\/\/irla.cat\/casairla\/wp-json\/wp\/v2\/posts"}],"about":[{"href":"https:\/\/irla.cat\/casairla\/wp-json\/wp\/v2\/types\/post"}],"author":[{"embeddable":true,"href":"https:\/\/irla.cat\/casairla\/wp-json\/wp\/v2\/users\/1"}],"replies":[{"embeddable":true,"href":"https:\/\/irla.cat\/casairla\/wp-json\/wp\/v2\/comments?post=553"}],"version-history":[{"count":1,"href":"https:\/\/irla.cat\/casairla\/wp-json\/wp\/v2\/posts\/553\/revisions"}],"predecessor-version":[{"id":555,"href":"https:\/\/irla.cat\/casairla\/wp-json\/wp\/v2\/posts\/553\/revisions\/555"}],"wp:featuredmedia":[{"embeddable":true,"href":"https:\/\/irla.cat\/casairla\/wp-json\/wp\/v2\/media\/554"}],"wp:attachment":[{"href":"https:\/\/irla.cat\/casairla\/wp-json\/wp\/v2\/media?parent=553"}],"wp:term":[{"taxonomy":"category","embeddable":true,"href":"https:\/\/irla.cat\/casairla\/wp-json\/wp\/v2\/categories?post=553"},{"taxonomy":"post_tag","embeddable":true,"href":"https:\/\/irla.cat\/casairla\/wp-json\/wp\/v2\/tags?post=553"}],"curies":[{"name":"wp","href":"https:\/\/api.w.org\/{rel}","templated":true}]}}