{"id":547,"date":"2016-05-27T09:35:55","date_gmt":"2016-05-27T08:35:55","guid":{"rendered":"http:\/\/www.irla.cat\/casairla\/?p=547"},"modified":"2017-05-12T09:41:02","modified_gmt":"2017-05-12T08:41:02","slug":"presentacio-de-la-biografia-de-salvador-albert","status":"publish","type":"post","link":"https:\/\/irla.cat\/casairla\/2016\/05\/27\/presentacio-de-la-biografia-de-salvador-albert\/","title":{"rendered":"Presentaci\u00f3 de la biografia de Salvador Albert"},"content":{"rendered":"<p>El proper dia 8 de juny a les 19 h a la Casa Irla de Sant Feliu de Gu\u00edxols es presentar\u00e0 la biografia &#8220;Salvador Albert, literat i pol\u00edtic republica al servei del pa\u00eds dels taps&#8221;<br \/>\n<!--more--><br \/>\nIntervindran:<\/p>\n<p>Jordi Vil\u00e0, segon tinent d&#8217;Alcaldia de Sant Feliu de Gu\u00edxols<br \/>\nJoan Casamitjana, membre del Jurat de la Beca d&#8217;estudi President Irla<br \/>\nJordi Bohigas, historiador autor de la biografia de Salvador Albert<br \/>\nJoan Manuel Tresserras, president de la Fundaci\u00f3 Josep Irla<\/p>\n<p>Al final de l&#8217;acte regalarem un exemplar del llibre als assistents i \u00e9s servir\u00e0 un petit refrigeri.<\/p>\n<p>&nbsp;<\/p>\n","protected":false},"excerpt":{"rendered":"<p>El proper dia 8 de juny a les 19 h a la Casa Irla de Sant Feliu de Gu\u00edxols es<\/p>\n","protected":false},"author":1,"featured_media":548,"comment_status":"open","ping_status":"open","sticky":false,"template":"template-centered.php","format":"standard","meta":{"footnotes":""},"categories":[1],"tags":[],"class_list":["post-547","post","type-post","status-publish","format-standard","has-post-thumbnail","hentry","category-general"],"_links":{"self":[{"href":"https:\/\/irla.cat\/casairla\/wp-json\/wp\/v2\/posts\/547","targetHints":{"allow":["GET"]}}],"collection":[{"href":"https:\/\/irla.cat\/casairla\/wp-json\/wp\/v2\/posts"}],"about":[{"href":"https:\/\/irla.cat\/casairla\/wp-json\/wp\/v2\/types\/post"}],"author":[{"embeddable":true,"href":"https:\/\/irla.cat\/casairla\/wp-json\/wp\/v2\/users\/1"}],"replies":[{"embeddable":true,"href":"https:\/\/irla.cat\/casairla\/wp-json\/wp\/v2\/comments?post=547"}],"version-history":[{"count":1,"href":"https:\/\/irla.cat\/casairla\/wp-json\/wp\/v2\/posts\/547\/revisions"}],"predecessor-version":[{"id":549,"href":"https:\/\/irla.cat\/casairla\/wp-json\/wp\/v2\/posts\/547\/revisions\/549"}],"wp:featuredmedia":[{"embeddable":true,"href":"https:\/\/irla.cat\/casairla\/wp-json\/wp\/v2\/media\/548"}],"wp:attachment":[{"href":"https:\/\/irla.cat\/casairla\/wp-json\/wp\/v2\/media?parent=547"}],"wp:term":[{"taxonomy":"category","embeddable":true,"href":"https:\/\/irla.cat\/casairla\/wp-json\/wp\/v2\/categories?post=547"},{"taxonomy":"post_tag","embeddable":true,"href":"https:\/\/irla.cat\/casairla\/wp-json\/wp\/v2\/tags?post=547"}],"curies":[{"name":"wp","href":"https:\/\/api.w.org\/{rel}","templated":true}]}}