{"id":544,"date":"2016-05-27T09:30:52","date_gmt":"2016-05-27T08:30:52","guid":{"rendered":"http:\/\/www.irla.cat\/casairla\/?p=544"},"modified":"2017-05-12T09:32:52","modified_gmt":"2017-05-12T08:32:52","slug":"natura-per-a-petits-i-grans-dalva-casals-i-ponc-feliu","status":"publish","type":"post","link":"https:\/\/irla.cat\/casairla\/2016\/05\/27\/natura-per-a-petits-i-grans-dalva-casals-i-ponc-feliu\/","title":{"rendered":"&#8220;Natura per a petits i grans&#8221; d&#8217;Alva Casals i Pon\u00e7 Feliu"},"content":{"rendered":"<p>El proper dissabte 4 de juny a les 19 h, presentem a la Casa Irla el llibre &#8220;Natura per a petits i grans&#8221; de l&#8217; Alba Casals i en Pon\u00e7 Feliu.<!--more--><\/p>\n<p>Alba Casals (Salt, 1988) i Pon\u00e7 Feliu ( Girona, 1975)<br \/>\nNatura per a petits i grans pret\u00e9n ser una aportaci\u00f3 als recursos did\u00e0ctics i familiars perqu\u00e8 els menuts \u2013i els no tan menuts- puguin aprendre de la natura tot jugant-hi i divertint-se. Hem escollit un seguit d\u2019experi\u00e8ncies que l\u2019entorn ens ofereix, a trav\u00e9s \u00a0d\u2019oportunitats que plantes, pedres i animals molt propers \u2013que massa sovint desconeixem-, ens obsequien. No busqueu per\u00f2, en aquesta obra, una guia de camp per identificar la nostra flora o la nostra fauna; si b\u00e9 hi pot contribuir, el seu objectiu no \u00e9s altre que el d\u2019apropar-nos-hi i poder-la gaudir.<\/p>\n<p>&nbsp;<\/p>\n","protected":false},"excerpt":{"rendered":"<p>El proper dissabte 4 de juny a les 19 h, presentem a la Casa Irla el llibre &#8220;Natura per a<\/p>\n","protected":false},"author":1,"featured_media":545,"comment_status":"open","ping_status":"open","sticky":false,"template":"template-centered.php","format":"standard","meta":{"footnotes":""},"categories":[1],"tags":[],"class_list":["post-544","post","type-post","status-publish","format-standard","has-post-thumbnail","hentry","category-general"],"_links":{"self":[{"href":"https:\/\/irla.cat\/casairla\/wp-json\/wp\/v2\/posts\/544","targetHints":{"allow":["GET"]}}],"collection":[{"href":"https:\/\/irla.cat\/casairla\/wp-json\/wp\/v2\/posts"}],"about":[{"href":"https:\/\/irla.cat\/casairla\/wp-json\/wp\/v2\/types\/post"}],"author":[{"embeddable":true,"href":"https:\/\/irla.cat\/casairla\/wp-json\/wp\/v2\/users\/1"}],"replies":[{"embeddable":true,"href":"https:\/\/irla.cat\/casairla\/wp-json\/wp\/v2\/comments?post=544"}],"version-history":[{"count":1,"href":"https:\/\/irla.cat\/casairla\/wp-json\/wp\/v2\/posts\/544\/revisions"}],"predecessor-version":[{"id":546,"href":"https:\/\/irla.cat\/casairla\/wp-json\/wp\/v2\/posts\/544\/revisions\/546"}],"wp:featuredmedia":[{"embeddable":true,"href":"https:\/\/irla.cat\/casairla\/wp-json\/wp\/v2\/media\/545"}],"wp:attachment":[{"href":"https:\/\/irla.cat\/casairla\/wp-json\/wp\/v2\/media?parent=544"}],"wp:term":[{"taxonomy":"category","embeddable":true,"href":"https:\/\/irla.cat\/casairla\/wp-json\/wp\/v2\/categories?post=544"},{"taxonomy":"post_tag","embeddable":true,"href":"https:\/\/irla.cat\/casairla\/wp-json\/wp\/v2\/tags?post=544"}],"curies":[{"name":"wp","href":"https:\/\/api.w.org\/{rel}","templated":true}]}}