{"id":540,"date":"2016-05-20T09:28:27","date_gmt":"2016-05-20T08:28:27","guid":{"rendered":"http:\/\/www.irla.cat\/casairla\/?p=540"},"modified":"2017-05-12T09:29:59","modified_gmt":"2017-05-12T08:29:59","slug":"presentacio-del-llibre-un-estiu-a-les-trinxeres-deric-vila","status":"publish","type":"post","link":"https:\/\/irla.cat\/casairla\/2016\/05\/20\/presentacio-del-llibre-un-estiu-a-les-trinxeres-deric-vila\/","title":{"rendered":"Presentaci\u00f3 del llibre &#8220;Un estiu a les trinxeres d&#8217;Eric Vila"},"content":{"rendered":"<p>ATENCI\u00d3!!!!! AQUEST ACTE HA ESTAT ANUL\u00b7LAT PER CAUSES ALIENES A LA NOSTRA VOLUNTAT. DISCULPEU LES MOL\u00c8STIES.<!--more--><\/p>\n<p>GR\u00c0CIES.<\/p>\n<p>El proper dia 28 de maig a les 19 h presentem el llibre de l&#8217;Enric Vila &#8220;Un estiu a les trinxeres&#8221;.<\/p>\n<p>Enric Vila (Barcelona, 1972)<\/p>\n<p>Enric Vila escriu una cr\u00f2nica pol\u00edtica i sentimental que neix al voltant la consulta del 9N i que \u00e9s una radiografia del proc\u00e9s d\u2019independ\u00e8ncia de Catalunya. L\u2019assaig reflexiona sobre la Catalunya dels \u00faltims deu anys i mira de captar l\u2019electricitat de l\u2019ambient, els rumors, el nerviosisme, la viol\u00e8ncia oculta, les contradiccions i la incertesa que plana sobre el panorama pol\u00edtic del pa\u00eds.<\/p>\n<p>A partir d\u2019an\u00e8cdotes, records i reflexions, Vila destria el gra de la palla i assaja de determinar si el proc\u00e9s d\u2019aquests \u00faltims mesos ha sigut l\u2019\u00faltim cant del cigne del sobiranisme o, al contrari, l\u2019inici d\u2019un proc\u00e9s de renaixement aut\u00e8ntic del pa\u00eds. Ens quedarem un cop m\u00e9s a un pam de la gl\u00f2ria?<\/p>\n<p>Un estiu a les trinxeres t\u00e9 una tesi clara, que no es pot encara revelar.<\/p>\n<p>&nbsp;<\/p>\n","protected":false},"excerpt":{"rendered":"<p>ATENCI\u00d3!!!!! AQUEST ACTE HA ESTAT ANUL\u00b7LAT PER CAUSES ALIENES A LA NOSTRA VOLUNTAT. DISCULPEU LES MOL\u00c8STIES.<\/p>\n","protected":false},"author":1,"featured_media":541,"comment_status":"open","ping_status":"open","sticky":false,"template":"template-centered.php","format":"standard","meta":{"footnotes":""},"categories":[1],"tags":[],"class_list":["post-540","post","type-post","status-publish","format-standard","has-post-thumbnail","hentry","category-general"],"_links":{"self":[{"href":"https:\/\/irla.cat\/casairla\/wp-json\/wp\/v2\/posts\/540","targetHints":{"allow":["GET"]}}],"collection":[{"href":"https:\/\/irla.cat\/casairla\/wp-json\/wp\/v2\/posts"}],"about":[{"href":"https:\/\/irla.cat\/casairla\/wp-json\/wp\/v2\/types\/post"}],"author":[{"embeddable":true,"href":"https:\/\/irla.cat\/casairla\/wp-json\/wp\/v2\/users\/1"}],"replies":[{"embeddable":true,"href":"https:\/\/irla.cat\/casairla\/wp-json\/wp\/v2\/comments?post=540"}],"version-history":[{"count":1,"href":"https:\/\/irla.cat\/casairla\/wp-json\/wp\/v2\/posts\/540\/revisions"}],"predecessor-version":[{"id":542,"href":"https:\/\/irla.cat\/casairla\/wp-json\/wp\/v2\/posts\/540\/revisions\/542"}],"wp:featuredmedia":[{"embeddable":true,"href":"https:\/\/irla.cat\/casairla\/wp-json\/wp\/v2\/media\/541"}],"wp:attachment":[{"href":"https:\/\/irla.cat\/casairla\/wp-json\/wp\/v2\/media?parent=540"}],"wp:term":[{"taxonomy":"category","embeddable":true,"href":"https:\/\/irla.cat\/casairla\/wp-json\/wp\/v2\/categories?post=540"},{"taxonomy":"post_tag","embeddable":true,"href":"https:\/\/irla.cat\/casairla\/wp-json\/wp\/v2\/tags?post=540"}],"curies":[{"name":"wp","href":"https:\/\/api.w.org\/{rel}","templated":true}]}}