{"id":537,"date":"2016-05-20T09:26:16","date_gmt":"2016-05-20T08:26:16","guid":{"rendered":"http:\/\/www.irla.cat\/casairla\/?p=537"},"modified":"2017-05-12T09:30:35","modified_gmt":"2017-05-12T08:30:35","slug":"la-casa-irla-inaugura-una-nova-exposicio-dart","status":"publish","type":"post","link":"https:\/\/irla.cat\/casairla\/2016\/05\/20\/la-casa-irla-inaugura-una-nova-exposicio-dart\/","title":{"rendered":"La Casa Irla inaugura el 14 de maig una nova exposici\u00f3 d&#8217;art"},"content":{"rendered":"<p>La Casa Irla de Sant Feliu de Gu\u00edxols inaugura el proper dia 14 de maig a les 19:30h nova exposici\u00f3 de pintura amb l&#8217;obra de Pau Morales que porta com a t\u00edtol &#8220;Colors i M\u00fasics&#8221;.<!--more--><\/p>\n<p>Del 14 de maig al 10 de juliol<br \/>\nColors i M\u00fasics<br \/>\nPau Morales &#8211; Pintura<\/p>\n<p>Pau Morales, (Girona,1977) ha fet exposicions a nivell nacional i internacional ( Barcelona, Terrassa, Leon, Irlanda, Roma, Montreal\u2026), sent el jazz el tema que m\u00e9s ha treballat tot i que tamb\u00e9 n\u2019 ha tocat d\u2019altres (paisatge, graffiti, retrat, floral\u2026). A part de la pintura treballa altres camps com la il\u00b7lustraci\u00f3, el c\u00f2mic, l\u2019escultura o la videoanimaci\u00f3.<\/p>\n<p>Cantant i guitarrista ha realitzat performances on combina el cant i la pintura en directe.<\/p>\n<p>En aquesta exposici\u00f3 tenim una mostra amb pintura fresca de colors vius que transmeten l\u2019energia de la m\u00fasica.<\/p>\n<p>&nbsp;<\/p>\n","protected":false},"excerpt":{"rendered":"<p>La Casa Irla de Sant Feliu de Gu\u00edxols inaugura el proper dia 14 de maig a les 19:30h nova exposici\u00f3<\/p>\n","protected":false},"author":1,"featured_media":538,"comment_status":"open","ping_status":"open","sticky":false,"template":"template-centered.php","format":"standard","meta":{"footnotes":""},"categories":[1],"tags":[],"class_list":["post-537","post","type-post","status-publish","format-standard","has-post-thumbnail","hentry","category-general"],"_links":{"self":[{"href":"https:\/\/irla.cat\/casairla\/wp-json\/wp\/v2\/posts\/537","targetHints":{"allow":["GET"]}}],"collection":[{"href":"https:\/\/irla.cat\/casairla\/wp-json\/wp\/v2\/posts"}],"about":[{"href":"https:\/\/irla.cat\/casairla\/wp-json\/wp\/v2\/types\/post"}],"author":[{"embeddable":true,"href":"https:\/\/irla.cat\/casairla\/wp-json\/wp\/v2\/users\/1"}],"replies":[{"embeddable":true,"href":"https:\/\/irla.cat\/casairla\/wp-json\/wp\/v2\/comments?post=537"}],"version-history":[{"count":2,"href":"https:\/\/irla.cat\/casairla\/wp-json\/wp\/v2\/posts\/537\/revisions"}],"predecessor-version":[{"id":543,"href":"https:\/\/irla.cat\/casairla\/wp-json\/wp\/v2\/posts\/537\/revisions\/543"}],"wp:featuredmedia":[{"embeddable":true,"href":"https:\/\/irla.cat\/casairla\/wp-json\/wp\/v2\/media\/538"}],"wp:attachment":[{"href":"https:\/\/irla.cat\/casairla\/wp-json\/wp\/v2\/media?parent=537"}],"wp:term":[{"taxonomy":"category","embeddable":true,"href":"https:\/\/irla.cat\/casairla\/wp-json\/wp\/v2\/categories?post=537"},{"taxonomy":"post_tag","embeddable":true,"href":"https:\/\/irla.cat\/casairla\/wp-json\/wp\/v2\/tags?post=537"}],"curies":[{"name":"wp","href":"https:\/\/api.w.org\/{rel}","templated":true}]}}