{"id":534,"date":"2016-05-20T09:23:25","date_gmt":"2016-05-20T08:23:25","guid":{"rendered":"http:\/\/www.irla.cat\/casairla\/?p=534"},"modified":"2017-05-12T09:25:43","modified_gmt":"2017-05-12T08:25:43","slug":"presentacio-de-desmuntant-a-societat-civil-catalana-de-jordi-borras","status":"publish","type":"post","link":"https:\/\/irla.cat\/casairla\/2016\/05\/20\/presentacio-de-desmuntant-a-societat-civil-catalana-de-jordi-borras\/","title":{"rendered":"Presentaci\u00f3 de &#8220;Desmuntant a Societat Civil Catalana&#8221; de Jordi Borr\u00e0s"},"content":{"rendered":"<p>El proper dissabte dia 7 de maig, 19 h la Casa Irla de Sant Feliu de Gu\u00edxols presenta el llibre de Jordi Borr\u00e0s &#8220;Desmuntant societat civil catalana&#8221;.<\/p>\n<p><!--more--><\/p>\n<p>Jordi Borr\u00e0s (Barcelona, 1981)<\/p>\n<p>El llibre s\u2019endinsa en els inicis de l\u2019entitat, nascuda per fer de contrap\u00e8s a les accions de les entitats sobiranistes, i posa la lupa en els curr\u00edculums \u2013no sempre p\u00fablics\u2013 de m\u00e9s d\u2019una quarantena d\u2019integrants del col\u00b7lectiu espanyolista. La investigaci\u00f3 period\u00edstica realitzada prova que Societat Civil Catalana (SCC) \u201cmai no ha estat ni \u00e9s una representaci\u00f3 de la societat civil catalana de veritat\u201d, i la seva acci\u00f3 s\u2019ha concentrat en \u201cuna necessitat imperant de reagrupar un espanyolisme profundament desmobilitzat i amb molt poca connexi\u00f3 amb la societat del pa\u00eds\u201d.<\/p>\n<p>Borr\u00e0s afegeix que \u201cmalgrat la seva pretensi\u00f3 de ser transversal en l\u2019eix esquerra-dreta [\u2026] SCC m\u00e9s aviat representa el cas paradigm\u00e0tic d\u2019entitat gestada, impulsada i codirigida per organitzacions i membres ultradretans\u201d.<\/p>\n<p>Borr\u00e0s explica que no ha volgut fer un llibre feixuc, sin\u00f3 divulgatiu i cr\u00edtic, i per aix\u00f2 el lector hi trobar\u00e0 part de \u201cmorbo pol\u00edtic\u201d. L\u2019autor hi barreja la recerca period\u00edstica amb un relat m\u00e9s \u00edntim i en primera persona, que repassa alguns dels moments de la investigaci\u00f3 que l\u2019han dut a estirar els fils de SCC i a assistir als seus actes.<\/p>\n<p>El resultat, com diu al pr\u00f2leg el president del Grup Barnils, David Bassa, \u00e9s el vincle \u201cdesvergonyidament constant\u201d entre els dirigents de SCC i la ultradreta. \u201cTothom ho passa per alt. La difer\u00e8ncia \u00e9s que ara ja no es podr\u00e0 dir \u201ctothom\u201d perqu\u00e8 Jordi Borr\u00e0s anota i desplega aquests vincles, amb noms, cognoms i n\u00fameros\u201d, explica Bassa.<\/p>\n<p>&nbsp;<\/p>\n","protected":false},"excerpt":{"rendered":"<p>El proper dissabte dia 7 de maig, 19 h la Casa Irla de Sant Feliu de Gu\u00edxols presenta el llibre<\/p>\n","protected":false},"author":1,"featured_media":535,"comment_status":"open","ping_status":"open","sticky":false,"template":"template-centered.php","format":"standard","meta":{"footnotes":""},"categories":[1],"tags":[],"class_list":["post-534","post","type-post","status-publish","format-standard","has-post-thumbnail","hentry","category-general"],"_links":{"self":[{"href":"https:\/\/irla.cat\/casairla\/wp-json\/wp\/v2\/posts\/534","targetHints":{"allow":["GET"]}}],"collection":[{"href":"https:\/\/irla.cat\/casairla\/wp-json\/wp\/v2\/posts"}],"about":[{"href":"https:\/\/irla.cat\/casairla\/wp-json\/wp\/v2\/types\/post"}],"author":[{"embeddable":true,"href":"https:\/\/irla.cat\/casairla\/wp-json\/wp\/v2\/users\/1"}],"replies":[{"embeddable":true,"href":"https:\/\/irla.cat\/casairla\/wp-json\/wp\/v2\/comments?post=534"}],"version-history":[{"count":1,"href":"https:\/\/irla.cat\/casairla\/wp-json\/wp\/v2\/posts\/534\/revisions"}],"predecessor-version":[{"id":536,"href":"https:\/\/irla.cat\/casairla\/wp-json\/wp\/v2\/posts\/534\/revisions\/536"}],"wp:featuredmedia":[{"embeddable":true,"href":"https:\/\/irla.cat\/casairla\/wp-json\/wp\/v2\/media\/535"}],"wp:attachment":[{"href":"https:\/\/irla.cat\/casairla\/wp-json\/wp\/v2\/media?parent=534"}],"wp:term":[{"taxonomy":"category","embeddable":true,"href":"https:\/\/irla.cat\/casairla\/wp-json\/wp\/v2\/categories?post=534"},{"taxonomy":"post_tag","embeddable":true,"href":"https:\/\/irla.cat\/casairla\/wp-json\/wp\/v2\/tags?post=534"}],"curies":[{"name":"wp","href":"https:\/\/api.w.org\/{rel}","templated":true}]}}