{"id":531,"date":"2016-05-20T09:20:26","date_gmt":"2016-05-20T08:20:26","guid":{"rendered":"http:\/\/www.irla.cat\/casairla\/?p=531"},"modified":"2017-05-12T09:22:49","modified_gmt":"2017-05-12T08:22:49","slug":"presentacio-de-potencial-destat-catalunya-una-forma-economica-inimaginable","status":"publish","type":"post","link":"https:\/\/irla.cat\/casairla\/2016\/05\/20\/presentacio-de-potencial-destat-catalunya-una-forma-economica-inimaginable\/","title":{"rendered":"Presentaci\u00f3 de &#8220;Potencial d&#8217;estat. Catalunya una forma econ\u00f2mica inimaginable&#8221;"},"content":{"rendered":"<p>Joan Canadell presenta el seu llibre &#8220;Potencial d&#8217;estat. Catalunya una for\u00e7a econ\u00f2mica inimaginable&#8221;, el proper dissabte dia 30 d&#8217;abril a les 19 h a la Casa Irla.<\/p>\n<p><!--more--><\/p>\n<p>Joan Canadell (Barcelona, 1982)<\/p>\n<p>L\u2019empresari i escriptor Joan Canadell fa a Potencial d\u2019estat un recorregut pel passat i pel present econ\u00f2mic de Catalunya, per demostrar les nombroses aportacions catalanes al desenvolupament i per explicar que tenim les condicions per esdevenir de nou un dels grans estats d\u2019Europa. Fent un viatge per l\u2019economia del segle XIII fins avui l\u2019autor constata que els catalans sempre hem estat a l\u2019avantguarda de la ind\u00fastria i el comer\u00e7.<\/p>\n<p>Avui, tot i tenir un Estat espanyol que ens juga clarament a la contra, tenim centenars<br \/>\nd\u2019empreses que s\u00f3n l\u00edders internacionals als seus sectors. Sab\u00edeu que tots els tel\u00e8fons m\u00f2bils del m\u00f3n porten una antena feta amb tecnologia catalana? O que les exclusives bosses que es compren a la Cinquena avinguda de Nova York estan fetes amb pell d\u2019Igualada? Doncs aquests s\u00f3n nom\u00e9s els casos de dues empreses del prop d\u2019un centenar que detalla l\u2019autor per il\u00b7lustrar el dinamisme actual.<\/p>\n<p>Canadell est\u00e0 conven\u00e7ut que quan esdevinguem un Estat podrem estendre el nostre<br \/>\nlideratge econ\u00f2mic i social i construir, d\u2019aquesta manera, un dels pa\u00efsos generadors de m\u00e9s riquesa i benestar d\u2019Europa. I \u00e9s que Catalunya t\u00e9 una for\u00e7a econ\u00f2mica inimaginable, que Canadell intueix on ens pot portar.<\/p>\n<p>L\u2019autor demostra amb arguments s\u00f2lids i contrastats quin futur podem construir si ens ho proposem. La Hist\u00f2ria ens crida a fer el gran salt endavant. Som-hi!<\/p>\n<p>&nbsp;<\/p>\n","protected":false},"excerpt":{"rendered":"<p>Joan Canadell presenta el seu llibre &#8220;Potencial d&#8217;estat. Catalunya una for\u00e7a econ\u00f2mica inimaginable&#8221;, el proper dissabte dia 30 d&#8217;abril a<\/p>\n","protected":false},"author":1,"featured_media":532,"comment_status":"open","ping_status":"open","sticky":false,"template":"template-centered.php","format":"standard","meta":{"footnotes":""},"categories":[1],"tags":[],"class_list":["post-531","post","type-post","status-publish","format-standard","has-post-thumbnail","hentry","category-general"],"_links":{"self":[{"href":"https:\/\/irla.cat\/casairla\/wp-json\/wp\/v2\/posts\/531","targetHints":{"allow":["GET"]}}],"collection":[{"href":"https:\/\/irla.cat\/casairla\/wp-json\/wp\/v2\/posts"}],"about":[{"href":"https:\/\/irla.cat\/casairla\/wp-json\/wp\/v2\/types\/post"}],"author":[{"embeddable":true,"href":"https:\/\/irla.cat\/casairla\/wp-json\/wp\/v2\/users\/1"}],"replies":[{"embeddable":true,"href":"https:\/\/irla.cat\/casairla\/wp-json\/wp\/v2\/comments?post=531"}],"version-history":[{"count":1,"href":"https:\/\/irla.cat\/casairla\/wp-json\/wp\/v2\/posts\/531\/revisions"}],"predecessor-version":[{"id":533,"href":"https:\/\/irla.cat\/casairla\/wp-json\/wp\/v2\/posts\/531\/revisions\/533"}],"wp:featuredmedia":[{"embeddable":true,"href":"https:\/\/irla.cat\/casairla\/wp-json\/wp\/v2\/media\/532"}],"wp:attachment":[{"href":"https:\/\/irla.cat\/casairla\/wp-json\/wp\/v2\/media?parent=531"}],"wp:term":[{"taxonomy":"category","embeddable":true,"href":"https:\/\/irla.cat\/casairla\/wp-json\/wp\/v2\/categories?post=531"},{"taxonomy":"post_tag","embeddable":true,"href":"https:\/\/irla.cat\/casairla\/wp-json\/wp\/v2\/tags?post=531"}],"curies":[{"name":"wp","href":"https:\/\/api.w.org\/{rel}","templated":true}]}}