{"id":528,"date":"2016-05-20T09:17:46","date_gmt":"2016-05-20T08:17:46","guid":{"rendered":"http:\/\/www.irla.cat\/casairla\/?p=528"},"modified":"2017-05-12T09:19:27","modified_gmt":"2017-05-12T08:19:27","slug":"presentacio-del-llibre-el-defensor-de-victor-gay","status":"publish","type":"post","link":"https:\/\/irla.cat\/casairla\/2016\/05\/20\/presentacio-del-llibre-el-defensor-de-victor-gay\/","title":{"rendered":"Presentaci\u00f3 del llibre &#8220;El defensor&#8221; de V\u00edctor Gay"},"content":{"rendered":"<p>El proper dissabte dia 16 d&#8217;abril a les 19 h a la Casa Irla de Sant Feliu de Gu\u00edxols presentem el llibre &#8220;El defensor&#8221; de V\u00edctor Gay.<\/p>\n<p><!--more--><br \/>\nPer commemorar el 14 d\u2019abril dia de la Rep\u00fablica es servir\u00e0 una copa de cava i un petit refrigeri en acabar l\u2019acte.<\/p>\n<p>V\u00edctor Gay (Barcelona, 1982)<\/p>\n<p>L\u2019agost del 1940, Llu\u00eds Companys, president de la Generalitat de Catalunya a l\u2019exili, va ser detingut per les forces d\u2019ocupaci\u00f3 nazis a Fran\u00e7a i traslladat a Barcelona per ser jutjat.<\/p>\n<p>Per preparar la seva defensa i seguint un gui\u00f3 preestablert, el r\u00e8gim franquista va destinar un jove militar que havia lluitat a la guerra en el b\u00e0ndol contrari a Companys.<\/p>\n<p>Tot formava part d\u2019un tr\u00e0mit i semblava que cap circumst\u00e0ncia podria alterar el gui\u00f3 de les altes inst\u00e0ncies franquistes, per\u00f2 l\u2019advocat de Companys, en Ramon_de Colub\u00ed, no es va resignar a fer el paper que s\u2019esperava d\u2019ell.<\/p>\n<p>Desafiant l\u2019statu quo de l\u2019\u00e8poca i posant en risc la seva vida i la seva carrera, va lluitar fins a l\u2019\u00faltim moment per salvar la vida del president, convertint aquesta hist\u00f2ria en una de les m\u00e9s entranyables i heroiques, alhora que desconegudes, de la guerra i la postguerra civils.<\/p>\n<p>Un militar nacional i conservador va esdevenir, sabent que ho tenia tot a perdre i res<br \/>\na guanyar, l\u2019\u00faltim home al servei del president Llu\u00eds Companys i Jover.<\/p>\n<p>En l\u2019exhaustiva investigaci\u00f3, V\u00edctor Gay, familiar d\u2019en Colub\u00ed, ha descobert fets hist\u00f2rics desconeguts fins ara.<\/p>\n<p>&nbsp;<\/p>\n","protected":false},"excerpt":{"rendered":"<p>El proper dissabte dia 16 d&#8217;abril a les 19 h a la Casa Irla de Sant Feliu de Gu\u00edxols presentem<\/p>\n","protected":false},"author":1,"featured_media":529,"comment_status":"open","ping_status":"open","sticky":false,"template":"template-centered.php","format":"standard","meta":{"footnotes":""},"categories":[1],"tags":[],"class_list":["post-528","post","type-post","status-publish","format-standard","has-post-thumbnail","hentry","category-general"],"_links":{"self":[{"href":"https:\/\/irla.cat\/casairla\/wp-json\/wp\/v2\/posts\/528","targetHints":{"allow":["GET"]}}],"collection":[{"href":"https:\/\/irla.cat\/casairla\/wp-json\/wp\/v2\/posts"}],"about":[{"href":"https:\/\/irla.cat\/casairla\/wp-json\/wp\/v2\/types\/post"}],"author":[{"embeddable":true,"href":"https:\/\/irla.cat\/casairla\/wp-json\/wp\/v2\/users\/1"}],"replies":[{"embeddable":true,"href":"https:\/\/irla.cat\/casairla\/wp-json\/wp\/v2\/comments?post=528"}],"version-history":[{"count":1,"href":"https:\/\/irla.cat\/casairla\/wp-json\/wp\/v2\/posts\/528\/revisions"}],"predecessor-version":[{"id":530,"href":"https:\/\/irla.cat\/casairla\/wp-json\/wp\/v2\/posts\/528\/revisions\/530"}],"wp:featuredmedia":[{"embeddable":true,"href":"https:\/\/irla.cat\/casairla\/wp-json\/wp\/v2\/media\/529"}],"wp:attachment":[{"href":"https:\/\/irla.cat\/casairla\/wp-json\/wp\/v2\/media?parent=528"}],"wp:term":[{"taxonomy":"category","embeddable":true,"href":"https:\/\/irla.cat\/casairla\/wp-json\/wp\/v2\/categories?post=528"},{"taxonomy":"post_tag","embeddable":true,"href":"https:\/\/irla.cat\/casairla\/wp-json\/wp\/v2\/tags?post=528"}],"curies":[{"name":"wp","href":"https:\/\/api.w.org\/{rel}","templated":true}]}}