{"id":525,"date":"2016-05-19T09:15:17","date_gmt":"2016-05-19T08:15:17","guid":{"rendered":"http:\/\/www.irla.cat\/casairla\/?p=525"},"modified":"2017-05-12T09:17:21","modified_gmt":"2017-05-12T08:17:21","slug":"najat-el-hachmi-presenta-el-seu-ultim-llibre-a-la-casa-irla","status":"publish","type":"post","link":"https:\/\/irla.cat\/casairla\/2016\/05\/19\/najat-el-hachmi-presenta-el-seu-ultim-llibre-a-la-casa-irla\/","title":{"rendered":"Najat El Hachmi presenta el seu \u00faltim llibre a la Casa Irla"},"content":{"rendered":"<p>El proper dissabte dia 12 de mar\u00e7 a les 19 h, Najat El Hachmi presenta el seu nou llibre &#8220;La filla estrangera&#8221; a la Casa Irla de Sant Feliu de Gu\u00edxols.<\/p>\n<p><!--more--><\/p>\n<p>Najat El Hachmi (Marruecos, 1979)<\/p>\n<p>La filla estrangera narra l\u2019entrada en la vida adulta d\u2019una noia nascuda al Marroc i criada en una ciutat d\u2019interior de Catalunya. \u00c9s la hist\u00f2ria de la seva rebel\u00b7li\u00f3 personal, del dilema que comporta el fet de sortir o no sortir del m\u00f3n de la immigraci\u00f3 i del dur conflicte intern que suposa trencar l\u2019estret vincle emocional que la uneix amb la mare.<\/p>\n<p>La jove i brillant protagonista d\u2019aquesta novel\u00b7la ha acabat l\u2019etapa de l\u2019institut i amb tan sols divuit anys ha de decidir si accepta el matrimoni arreglat amb el cos\u00ed que li proposa la mare o si marxa sola a Barcelona per desenvolupar el seu talent.<\/p>\n<p>Al llarg del relat, en qu\u00e8 la llengua actua com a element actiu de la trama, s\u00edmbol de les dificultats de comunicaci\u00f3 i del xoc d\u2019identitats, la noia reflexiona, entre moltes altres coses, sobre la llibertat, les arrels, les difer\u00e8ncies generacionals o la complexa realitat personal, social i cultural que la condici\u00f3 d\u2019immigrant imposa. I com qualsevol jove d\u2019avui dia ha d\u2019afrontar les limitacions de l\u2019entorn i les dificultats per accedir al m\u00f3n laboral.<\/p>\n<p>Amb una veu narradora molt potent, que pren forma de mon\u00f2leg, La filla estrangera \u00e9s una novel\u00b7la familiar, una hist\u00f2ria en qu\u00e8 la protagonista encara amb honestedat, determinaci\u00f3 i valentia les contradiccions que marquen la seva vida. Una novel\u00b7la definida per la intensitat dels lligams afectius que ens uneixen a una terra, a una llengua i a una cultura.<\/p>\n<p>&nbsp;<\/p>\n","protected":false},"excerpt":{"rendered":"<p>El proper dissabte dia 12 de mar\u00e7 a les 19 h, Najat El Hachmi presenta el seu nou llibre &#8220;La<\/p>\n","protected":false},"author":1,"featured_media":526,"comment_status":"open","ping_status":"open","sticky":false,"template":"template-centered.php","format":"standard","meta":{"footnotes":""},"categories":[1],"tags":[],"class_list":["post-525","post","type-post","status-publish","format-standard","has-post-thumbnail","hentry","category-general"],"_links":{"self":[{"href":"https:\/\/irla.cat\/casairla\/wp-json\/wp\/v2\/posts\/525","targetHints":{"allow":["GET"]}}],"collection":[{"href":"https:\/\/irla.cat\/casairla\/wp-json\/wp\/v2\/posts"}],"about":[{"href":"https:\/\/irla.cat\/casairla\/wp-json\/wp\/v2\/types\/post"}],"author":[{"embeddable":true,"href":"https:\/\/irla.cat\/casairla\/wp-json\/wp\/v2\/users\/1"}],"replies":[{"embeddable":true,"href":"https:\/\/irla.cat\/casairla\/wp-json\/wp\/v2\/comments?post=525"}],"version-history":[{"count":1,"href":"https:\/\/irla.cat\/casairla\/wp-json\/wp\/v2\/posts\/525\/revisions"}],"predecessor-version":[{"id":527,"href":"https:\/\/irla.cat\/casairla\/wp-json\/wp\/v2\/posts\/525\/revisions\/527"}],"wp:featuredmedia":[{"embeddable":true,"href":"https:\/\/irla.cat\/casairla\/wp-json\/wp\/v2\/media\/526"}],"wp:attachment":[{"href":"https:\/\/irla.cat\/casairla\/wp-json\/wp\/v2\/media?parent=525"}],"wp:term":[{"taxonomy":"category","embeddable":true,"href":"https:\/\/irla.cat\/casairla\/wp-json\/wp\/v2\/categories?post=525"},{"taxonomy":"post_tag","embeddable":true,"href":"https:\/\/irla.cat\/casairla\/wp-json\/wp\/v2\/tags?post=525"}],"curies":[{"name":"wp","href":"https:\/\/api.w.org\/{rel}","templated":true}]}}