{"id":522,"date":"2016-05-19T09:13:13","date_gmt":"2016-05-19T08:13:13","guid":{"rendered":"http:\/\/www.irla.cat\/casairla\/?p=522"},"modified":"2017-05-12T09:15:04","modified_gmt":"2017-05-12T08:15:04","slug":"rafel-nadal-presenta-la-malediccio-dels-palmisano","status":"publish","type":"post","link":"https:\/\/irla.cat\/casairla\/2016\/05\/19\/rafel-nadal-presenta-la-malediccio-dels-palmisano\/","title":{"rendered":"Rafel Nadal presenta &#8220;La maledicci\u00f3 dels palmisano&#8221;"},"content":{"rendered":"<p>El proper dissabte dia 5 de mar\u00e7, a les 19 h fem la presentaci\u00f3 del llibr de Rafel Nadal &#8220;La maledicci\u00f3 dels Palmisano&#8221;.<\/p>\n<p><!--more--><\/p>\n<p>Rafel Nadal (Girona, 1954)<\/p>\n<p>Quan l\u2019amor \u00e9s m\u00e9s fort que el dest\u00ed.<br \/>\n\u00abM\u2019has de prometre que, si \u00e9s nen, far\u00e0s veure que \u00e9s teu i el criar\u00e0s com un Convertini.<br \/>\nLi posarem Vitantonio. Nom\u00e9s tu i jo sabrem que \u00e9s en honor del meu Vito Oronzo, que l\u2019haur\u00e0 engendrat, i del teu Antonio, que li haur\u00e0 donat el nom i l\u2019oportunitat de sobreviure a la maledicci\u00f3 dels Palmisano\u00bb.<\/p>\n<p>&nbsp;<\/p>\n","protected":false},"excerpt":{"rendered":"<p>El proper dissabte dia 5 de mar\u00e7, a les 19 h fem la presentaci\u00f3 del llibr de Rafel Nadal &#8220;La<\/p>\n","protected":false},"author":1,"featured_media":523,"comment_status":"open","ping_status":"open","sticky":false,"template":"template-centered.php","format":"standard","meta":{"footnotes":""},"categories":[1],"tags":[],"class_list":["post-522","post","type-post","status-publish","format-standard","has-post-thumbnail","hentry","category-general"],"_links":{"self":[{"href":"https:\/\/irla.cat\/casairla\/wp-json\/wp\/v2\/posts\/522","targetHints":{"allow":["GET"]}}],"collection":[{"href":"https:\/\/irla.cat\/casairla\/wp-json\/wp\/v2\/posts"}],"about":[{"href":"https:\/\/irla.cat\/casairla\/wp-json\/wp\/v2\/types\/post"}],"author":[{"embeddable":true,"href":"https:\/\/irla.cat\/casairla\/wp-json\/wp\/v2\/users\/1"}],"replies":[{"embeddable":true,"href":"https:\/\/irla.cat\/casairla\/wp-json\/wp\/v2\/comments?post=522"}],"version-history":[{"count":1,"href":"https:\/\/irla.cat\/casairla\/wp-json\/wp\/v2\/posts\/522\/revisions"}],"predecessor-version":[{"id":524,"href":"https:\/\/irla.cat\/casairla\/wp-json\/wp\/v2\/posts\/522\/revisions\/524"}],"wp:featuredmedia":[{"embeddable":true,"href":"https:\/\/irla.cat\/casairla\/wp-json\/wp\/v2\/media\/523"}],"wp:attachment":[{"href":"https:\/\/irla.cat\/casairla\/wp-json\/wp\/v2\/media?parent=522"}],"wp:term":[{"taxonomy":"category","embeddable":true,"href":"https:\/\/irla.cat\/casairla\/wp-json\/wp\/v2\/categories?post=522"},{"taxonomy":"post_tag","embeddable":true,"href":"https:\/\/irla.cat\/casairla\/wp-json\/wp\/v2\/tags?post=522"}],"curies":[{"name":"wp","href":"https:\/\/api.w.org\/{rel}","templated":true}]}}