{"id":517,"date":"2016-05-19T09:10:38","date_gmt":"2016-05-19T08:10:38","guid":{"rendered":"http:\/\/www.irla.cat\/casairla\/?p=517"},"modified":"2017-05-12T09:13:05","modified_gmt":"2017-05-12T08:13:05","slug":"presentacio-del-libre-referents-entrevistes-a-40-personalitats-dels-paisos-catalans","status":"publish","type":"post","link":"https:\/\/irla.cat\/casairla\/2016\/05\/19\/presentacio-del-libre-referents-entrevistes-a-40-personalitats-dels-paisos-catalans\/","title":{"rendered":"Presentaci\u00f3 del libre &#8220;Referents. Entrevistes a 40 personalitats dels Pa\u00efsos Catalans&#8221;"},"content":{"rendered":"<p>El proper dissabte dia 27 de febrer a les 19 h a la Casa Irla de Sant Feliu de Gu\u00edxols presentem el llibre: &#8220;Referents. Entrevistes a 40 personalitats dels Pa\u00efsos Catalans&#8221; de David Pag\u00e8s i Cass\u00fa.<\/p>\n<p><!--more--><\/p>\n<p>Presentar\u00e0 l&#8217;acte\u00a0 Maria Calvet neta de Felip Calvet i Teresa Rovira.<\/p>\n<p>David Pag\u00e8s (Barcelona, 1972)<br \/>\nLes entrevistes que apareixen en aquest volum s\u00f3n bastides a partir del pensament i de la traject\u00f2ria i obra dels personatges que hi apareixen.<\/p>\n<p>En les respostes s\u2019hi analitzen esdeveniments i fets ocorreguts en les \u00faltimes d\u00e8cades i en els moments actuals, aix\u00ed com episodis personals i opinions que tenen transcend\u00e8ncia.I, \u00e9s clar, d\u00f3na testimoni dels canvis, tan intensos i tan importants, haguts en aquests darrers anys, de manera especial al Principat de Catalunya.<\/p>\n<p>&nbsp;<\/p>\n","protected":false},"excerpt":{"rendered":"<p>El proper dissabte dia 27 de febrer a les 19 h a la Casa Irla de Sant Feliu de Gu\u00edxols<\/p>\n","protected":false},"author":1,"featured_media":520,"comment_status":"open","ping_status":"open","sticky":false,"template":"template-centered.php","format":"standard","meta":{"footnotes":""},"categories":[1],"tags":[],"class_list":["post-517","post","type-post","status-publish","format-standard","has-post-thumbnail","hentry","category-general"],"_links":{"self":[{"href":"https:\/\/irla.cat\/casairla\/wp-json\/wp\/v2\/posts\/517","targetHints":{"allow":["GET"]}}],"collection":[{"href":"https:\/\/irla.cat\/casairla\/wp-json\/wp\/v2\/posts"}],"about":[{"href":"https:\/\/irla.cat\/casairla\/wp-json\/wp\/v2\/types\/post"}],"author":[{"embeddable":true,"href":"https:\/\/irla.cat\/casairla\/wp-json\/wp\/v2\/users\/1"}],"replies":[{"embeddable":true,"href":"https:\/\/irla.cat\/casairla\/wp-json\/wp\/v2\/comments?post=517"}],"version-history":[{"count":3,"href":"https:\/\/irla.cat\/casairla\/wp-json\/wp\/v2\/posts\/517\/revisions"}],"predecessor-version":[{"id":521,"href":"https:\/\/irla.cat\/casairla\/wp-json\/wp\/v2\/posts\/517\/revisions\/521"}],"wp:featuredmedia":[{"embeddable":true,"href":"https:\/\/irla.cat\/casairla\/wp-json\/wp\/v2\/media\/520"}],"wp:attachment":[{"href":"https:\/\/irla.cat\/casairla\/wp-json\/wp\/v2\/media?parent=517"}],"wp:term":[{"taxonomy":"category","embeddable":true,"href":"https:\/\/irla.cat\/casairla\/wp-json\/wp\/v2\/categories?post=517"},{"taxonomy":"post_tag","embeddable":true,"href":"https:\/\/irla.cat\/casairla\/wp-json\/wp\/v2\/tags?post=517"}],"curies":[{"name":"wp","href":"https:\/\/api.w.org\/{rel}","templated":true}]}}