{"id":512,"date":"2016-05-19T09:07:46","date_gmt":"2016-05-19T08:07:46","guid":{"rendered":"http:\/\/www.irla.cat\/casairla\/?p=512"},"modified":"2017-05-12T09:10:25","modified_gmt":"2017-05-12T08:10:25","slug":"presentem-per-que-hem-guanyat-de-francesc-marc-alvaro","status":"publish","type":"post","link":"https:\/\/irla.cat\/casairla\/2016\/05\/19\/presentem-per-que-hem-guanyat-de-francesc-marc-alvaro\/","title":{"rendered":"Presentem &#8220;Per qu\u00e8 hem guanyat&#8221; de Francesc-Marc \u00c1lvaro"},"content":{"rendered":"<p>El proper dissabte dia 20 de febrer a les 19h presentem a la Casa Irla de Sant Feliu de Gu\u00edxols el llibre &#8220;Per qu\u00e8 hem guanyat&#8221; de Francesc-Marc \u00c1lvaro. Presentar\u00e0 l&#8217;acte el periodista Pere Mart\u00ed.<!--more--><br \/>\nFrancesc-Marc \u00c1lvaro (Vilanova i la Geltr\u00fa, 1967)<\/p>\n<p>Les claus de la vict\u00f2ria independentista.<br \/>\nUna explicaci\u00f3 clara i sense embuts dels motius que han portat les forces sobiranistes a la vict\u00f2ria.<br \/>\nEl proc\u00e9s independentista des del punt de vista d\u2019un observador privilegiat.<\/p>\n<p>Francesc-Marc \u00c1lvaro \u00e9s l\u2019autor de Per qu\u00e8 hem guanyat, un dietari personal on el periodista reflexiona sobre el proc\u00e9s independentista i revela informacions fins ara in\u00e8dites, imprescindibles per entendre per qu\u00e8 les eleccions del 27 de setembre van ser un \u00e8xit per a les forces sobiranistes.<\/p>\n<p>A Per qu\u00e8 hem guanyat (Comanegra, 2015) el periodista i escriptor Francesc-Marc \u00c1lvaro ofereix diverses claus que expliquen de manera detallada, a vegades sorprenent, per quins motius el sobiranisme ha guanyat les eleccions del 27 de setembre. Un triomf electoral no exempt d\u2019embolics, incerteses i dificultats que, en alguns moments, va semblar improbable. Informacions essencials \u2013fins ara in\u00e8dites\u2013 que ajudaran el lector a comprendre aquest moment clau.<\/p>\n<p>&nbsp;<\/p>\n","protected":false},"excerpt":{"rendered":"<p>El proper dissabte dia 20 de febrer a les 19h presentem a la Casa Irla de Sant Feliu de Gu\u00edxols<\/p>\n","protected":false},"author":1,"featured_media":513,"comment_status":"open","ping_status":"open","sticky":false,"template":"template-centered.php","format":"standard","meta":{"footnotes":""},"categories":[1],"tags":[],"class_list":["post-512","post","type-post","status-publish","format-standard","has-post-thumbnail","hentry","category-general"],"_links":{"self":[{"href":"https:\/\/irla.cat\/casairla\/wp-json\/wp\/v2\/posts\/512","targetHints":{"allow":["GET"]}}],"collection":[{"href":"https:\/\/irla.cat\/casairla\/wp-json\/wp\/v2\/posts"}],"about":[{"href":"https:\/\/irla.cat\/casairla\/wp-json\/wp\/v2\/types\/post"}],"author":[{"embeddable":true,"href":"https:\/\/irla.cat\/casairla\/wp-json\/wp\/v2\/users\/1"}],"replies":[{"embeddable":true,"href":"https:\/\/irla.cat\/casairla\/wp-json\/wp\/v2\/comments?post=512"}],"version-history":[{"count":2,"href":"https:\/\/irla.cat\/casairla\/wp-json\/wp\/v2\/posts\/512\/revisions"}],"predecessor-version":[{"id":516,"href":"https:\/\/irla.cat\/casairla\/wp-json\/wp\/v2\/posts\/512\/revisions\/516"}],"wp:featuredmedia":[{"embeddable":true,"href":"https:\/\/irla.cat\/casairla\/wp-json\/wp\/v2\/media\/513"}],"wp:attachment":[{"href":"https:\/\/irla.cat\/casairla\/wp-json\/wp\/v2\/media?parent=512"}],"wp:term":[{"taxonomy":"category","embeddable":true,"href":"https:\/\/irla.cat\/casairla\/wp-json\/wp\/v2\/categories?post=512"},{"taxonomy":"post_tag","embeddable":true,"href":"https:\/\/irla.cat\/casairla\/wp-json\/wp\/v2\/tags?post=512"}],"curies":[{"name":"wp","href":"https:\/\/api.w.org\/{rel}","templated":true}]}}