{"id":509,"date":"2016-01-18T09:05:21","date_gmt":"2016-01-18T08:05:21","guid":{"rendered":"http:\/\/www.irla.cat\/casairla\/?p=509"},"modified":"2017-05-12T09:10:03","modified_gmt":"2017-05-12T08:10:03","slug":"francesc-ribera-titot-a-la-casa-irla","status":"publish","type":"post","link":"https:\/\/irla.cat\/casairla\/2016\/01\/18\/francesc-ribera-titot-a-la-casa-irla\/","title":{"rendered":"Francesc Ribera &#8220;Titot&#8221; presenta el seu nou llibre a la Casa Irla"},"content":{"rendered":"<p>El proper dia 30 de gener a les 19 hores a la Casa Irla de Sant Feliu de Gu\u00edxols presentaci\u00f3 del llibre: &#8220;L&#8217;assassinat de Guillem de Bergued\u00e0&#8221; de Francesc Ribera &#8220;Titot&#8221;.<\/p>\n<p><!--more--><\/p>\n<p>Francesc Ribera (Berga, 1967)<\/p>\n<p>L\u2019apassionant vida i la misteriosa mort de Guillem de Bergued\u00e0, controvertit personatge del segle XII catal\u00e0, de la m\u00e0 de Francesc Ribera, Titot. Del trobador Guillem, alt poeta o baix cafre, o se n\u2019era admirador o se n\u2019era enemic.<\/p>\n<p>El 26 de juliol de 1196 Guillem de Bergued\u00e0 va ser assassinat per un sicari. Considerat un dels millors trobadors d\u2019Europa, la seva ploma no apuntava al cor de les dames, sin\u00f3 al dels seus nombrosos enemics. Entre les v\u00edctimes dels sirventesos de Guillem de Bergued\u00e0, hi havia alguns dels personatges m\u00e9s poderosos dels comtats catalans. No \u00e9s estrany que algun d\u2019ells opt\u00e9s per prendre\u2019s la just\u00edcia pel seu compte. Fos qui fos, per\u00f2, va pretendre que l\u2019autoria del crim rest\u00e9s an\u00f2nima. Els amics del trobador, en canvi, no es resignaren que la cosa qued\u00e9s aix\u00ed. Alg\u00fa havia ordenat matar el gran trobador catal\u00e0 i ho havia de pagar. Paradoxalment, foren els poemes de Guillem de Bergued\u00e0 els que assenyalaren el cam\u00ed per trobar l\u2019inductor de l\u2019assassinat.<\/p>\n<p>Entrada lliure i gratu\u00efta.<\/p>\n<p>M\u00e9s informaci\u00f3 trucant a la Casa Irla al tel. 972.11.74.39 o adre\u00e7ant un correu a casa@irla.cat<\/p>\n<p>&nbsp;<\/p>\n","protected":false},"excerpt":{"rendered":"<p>El proper dia 30 de gener a les 19 hores a la Casa Irla de Sant Feliu de Gu\u00edxols presentaci\u00f3<\/p>\n","protected":false},"author":1,"featured_media":510,"comment_status":"open","ping_status":"open","sticky":false,"template":"template-centered.php","format":"standard","meta":{"footnotes":""},"categories":[1],"tags":[],"class_list":["post-509","post","type-post","status-publish","format-standard","has-post-thumbnail","hentry","category-general"],"_links":{"self":[{"href":"https:\/\/irla.cat\/casairla\/wp-json\/wp\/v2\/posts\/509","targetHints":{"allow":["GET"]}}],"collection":[{"href":"https:\/\/irla.cat\/casairla\/wp-json\/wp\/v2\/posts"}],"about":[{"href":"https:\/\/irla.cat\/casairla\/wp-json\/wp\/v2\/types\/post"}],"author":[{"embeddable":true,"href":"https:\/\/irla.cat\/casairla\/wp-json\/wp\/v2\/users\/1"}],"replies":[{"embeddable":true,"href":"https:\/\/irla.cat\/casairla\/wp-json\/wp\/v2\/comments?post=509"}],"version-history":[{"count":2,"href":"https:\/\/irla.cat\/casairla\/wp-json\/wp\/v2\/posts\/509\/revisions"}],"predecessor-version":[{"id":515,"href":"https:\/\/irla.cat\/casairla\/wp-json\/wp\/v2\/posts\/509\/revisions\/515"}],"wp:featuredmedia":[{"embeddable":true,"href":"https:\/\/irla.cat\/casairla\/wp-json\/wp\/v2\/media\/510"}],"wp:attachment":[{"href":"https:\/\/irla.cat\/casairla\/wp-json\/wp\/v2\/media?parent=509"}],"wp:term":[{"taxonomy":"category","embeddable":true,"href":"https:\/\/irla.cat\/casairla\/wp-json\/wp\/v2\/categories?post=509"},{"taxonomy":"post_tag","embeddable":true,"href":"https:\/\/irla.cat\/casairla\/wp-json\/wp\/v2\/tags?post=509"}],"curies":[{"name":"wp","href":"https:\/\/api.w.org\/{rel}","templated":true}]}}