{"id":505,"date":"2015-12-11T09:00:46","date_gmt":"2015-12-11T08:00:46","guid":{"rendered":"http:\/\/www.irla.cat\/casairla\/?p=505"},"modified":"2017-05-12T09:05:00","modified_gmt":"2017-05-12T08:05:00","slug":"actes-derc-a-la-casa-irla","status":"publish","type":"post","link":"https:\/\/irla.cat\/casairla\/2015\/12\/11\/actes-derc-a-la-casa-irla\/","title":{"rendered":"Actes d&#8217;Esquerra Republicana de Catalunya a la Casa Irla"},"content":{"rendered":"<p>El passat dimarts 8 de desembre, en motiu de l&#8217;acte de campanya d&#8217;ERC\u00a0a Sant Feliu de Gu\u00edxols, l&#8217;actual diputada al Congreso de los Diputados i cap de llista de la Demarcaci\u00f3 de Girona per ERC a les properes eleccions espanyoles del 20 de desembre, Teresa Jord\u00e0, acompanyada de la diputada i vicepresidenta primera del Parlament, Anna Sim\u00f3 i, la regidora de Calonge i candidata al Senat, Elisenda P\u00e9rez, varen fer una visita a la Casa Irla i al Museu Josep Irla juntament amb el seu director, Manel Gorro.<\/p>\n<p>Jord\u00e0 va ressaltar la figura del president Josep Irla qui va agafar la presid\u00e8ncia de la Generalitat a l&#8217;exili, per demostrar que el proc\u00e9s de transici\u00f3 nacional cap a la Rep\u00fablica Catalana va comen\u00e7ar fa molts anys i ara no podem estar cansats ni sense forces, sin\u00f3 al contrari, som m\u00e9s que mai i som majoria, i cal aconseguir-ho per gent com Irla.<\/p>\n<p>&nbsp;<\/p>\n","protected":false},"excerpt":{"rendered":"<p>El passat dimarts 8 de desembre, en motiu de l&#8217;acte de campanya d&#8217;ERC\u00a0a Sant Feliu de Gu\u00edxols, l&#8217;actual diputada al<\/p>\n","protected":false},"author":1,"featured_media":506,"comment_status":"open","ping_status":"open","sticky":false,"template":"template-centered.php","format":"standard","meta":{"footnotes":""},"categories":[1],"tags":[],"class_list":["post-505","post","type-post","status-publish","format-standard","has-post-thumbnail","hentry","category-general"],"_links":{"self":[{"href":"https:\/\/irla.cat\/casairla\/wp-json\/wp\/v2\/posts\/505","targetHints":{"allow":["GET"]}}],"collection":[{"href":"https:\/\/irla.cat\/casairla\/wp-json\/wp\/v2\/posts"}],"about":[{"href":"https:\/\/irla.cat\/casairla\/wp-json\/wp\/v2\/types\/post"}],"author":[{"embeddable":true,"href":"https:\/\/irla.cat\/casairla\/wp-json\/wp\/v2\/users\/1"}],"replies":[{"embeddable":true,"href":"https:\/\/irla.cat\/casairla\/wp-json\/wp\/v2\/comments?post=505"}],"version-history":[{"count":2,"href":"https:\/\/irla.cat\/casairla\/wp-json\/wp\/v2\/posts\/505\/revisions"}],"predecessor-version":[{"id":508,"href":"https:\/\/irla.cat\/casairla\/wp-json\/wp\/v2\/posts\/505\/revisions\/508"}],"wp:featuredmedia":[{"embeddable":true,"href":"https:\/\/irla.cat\/casairla\/wp-json\/wp\/v2\/media\/506"}],"wp:attachment":[{"href":"https:\/\/irla.cat\/casairla\/wp-json\/wp\/v2\/media?parent=505"}],"wp:term":[{"taxonomy":"category","embeddable":true,"href":"https:\/\/irla.cat\/casairla\/wp-json\/wp\/v2\/categories?post=505"},{"taxonomy":"post_tag","embeddable":true,"href":"https:\/\/irla.cat\/casairla\/wp-json\/wp\/v2\/tags?post=505"}],"curies":[{"name":"wp","href":"https:\/\/api.w.org\/{rel}","templated":true}]}}