{"id":497,"date":"2015-11-24T11:57:52","date_gmt":"2015-11-24T10:57:52","guid":{"rendered":"http:\/\/www.irla.cat\/casairla\/?p=497"},"modified":"2017-03-27T12:00:02","modified_gmt":"2017-03-27T11:00:02","slug":"presentacio-del-llibre-la-sala-destar-es-un-camp-de-futbol","status":"publish","type":"post","link":"https:\/\/irla.cat\/casairla\/2015\/11\/24\/presentacio-del-llibre-la-sala-destar-es-un-camp-de-futbol\/","title":{"rendered":"Presentaci\u00f3 del llibre &#8220;La sala d&#8217;estar \u00e9s un camp de futbol&#8221;"},"content":{"rendered":"<p>El proper dissabte dia 21 de novembre, 19 h presentem a la Casa Irla el llibre: &#8220;La sala d\u2019estar \u00e9s un camp de futbol&#8221; de Josep Maria Fonalleras. <!--more--><br \/>\nLa sala que es converteix en un camp de futbol, el cossi d\u2019aram, la hipocondria, fer-se elmort, els avis, els viatges del pare, la cuina de la mare, una visita al Mas Pla, l\u2019escal\u00e8xtric i els m\u00e0delmans, els soldats retallables, els ve\u00efns, els amics. Cada petit detall crea un univers.<\/p>\n<p>Hi ha un \u00abredu\u00eft recinte\u00bb on tot \u00e9s present i on el passat es fa de nou habitable perqu\u00e8 alguna cosa dels que ja no hi s\u00f3n \u00e9s molt a prop.<\/p>\n<p>Aquest \u00e9s un viatge al recinte familiar, a l\u2019espai \u00edntim de Josep M. Fonalleras, a la seva infantesa gironina: una excursi\u00f3 que rememora jocs, aventures,menjars i olors, amb una construcci\u00f3 liter\u00e0ria feta d\u2019impressions. L\u2019intent d\u2019atrapar l\u2019instant en una novel\u00b7la breu, el relat d\u2019unes viv\u00e8ncies on el temps s\u2019atura i esdev\u00e9 fotografia.<\/p>\n<p><img loading=\"lazy\" decoding=\"async\" class=\"aligncenter size-full wp-image-499\" src=\"http:\/\/www.irla.cat\/casairla\/wp-content\/uploads\/2017\/03\/Portada-La-sala-destar-es-un-camp-de-futbol.jpg\" alt=\"\" width=\"254\" height=\"400\" srcset=\"https:\/\/irla.cat\/casairla\/wp-content\/uploads\/2017\/03\/Portada-La-sala-destar-es-un-camp-de-futbol.jpg 254w, https:\/\/irla.cat\/casairla\/wp-content\/uploads\/2017\/03\/Portada-La-sala-destar-es-un-camp-de-futbol-191x300.jpg 191w\" sizes=\"auto, (max-width: 254px) 100vw, 254px\" \/><\/p>\n","protected":false},"excerpt":{"rendered":"<p>El proper dissabte dia 21 de novembre, 19 h presentem a la Casa Irla el llibre: &#8220;La sala d\u2019estar \u00e9s<\/p>\n","protected":false},"author":1,"featured_media":498,"comment_status":"open","ping_status":"open","sticky":false,"template":"template-centered.php","format":"standard","meta":{"footnotes":""},"categories":[1],"tags":[],"class_list":["post-497","post","type-post","status-publish","format-standard","has-post-thumbnail","hentry","category-general"],"_links":{"self":[{"href":"https:\/\/irla.cat\/casairla\/wp-json\/wp\/v2\/posts\/497","targetHints":{"allow":["GET"]}}],"collection":[{"href":"https:\/\/irla.cat\/casairla\/wp-json\/wp\/v2\/posts"}],"about":[{"href":"https:\/\/irla.cat\/casairla\/wp-json\/wp\/v2\/types\/post"}],"author":[{"embeddable":true,"href":"https:\/\/irla.cat\/casairla\/wp-json\/wp\/v2\/users\/1"}],"replies":[{"embeddable":true,"href":"https:\/\/irla.cat\/casairla\/wp-json\/wp\/v2\/comments?post=497"}],"version-history":[{"count":1,"href":"https:\/\/irla.cat\/casairla\/wp-json\/wp\/v2\/posts\/497\/revisions"}],"predecessor-version":[{"id":500,"href":"https:\/\/irla.cat\/casairla\/wp-json\/wp\/v2\/posts\/497\/revisions\/500"}],"wp:featuredmedia":[{"embeddable":true,"href":"https:\/\/irla.cat\/casairla\/wp-json\/wp\/v2\/media\/498"}],"wp:attachment":[{"href":"https:\/\/irla.cat\/casairla\/wp-json\/wp\/v2\/media?parent=497"}],"wp:term":[{"taxonomy":"category","embeddable":true,"href":"https:\/\/irla.cat\/casairla\/wp-json\/wp\/v2\/categories?post=497"},{"taxonomy":"post_tag","embeddable":true,"href":"https:\/\/irla.cat\/casairla\/wp-json\/wp\/v2\/tags?post=497"}],"curies":[{"name":"wp","href":"https:\/\/api.w.org\/{rel}","templated":true}]}}