{"id":485,"date":"2015-11-06T11:49:13","date_gmt":"2015-11-06T10:49:13","guid":{"rendered":"http:\/\/www.irla.cat\/casairla\/?p=485"},"modified":"2017-03-27T11:50:56","modified_gmt":"2017-03-27T10:50:56","slug":"presentacio-del-llibre-ens-ho-hem-passat-be","status":"publish","type":"post","link":"https:\/\/irla.cat\/casairla\/2015\/11\/06\/presentacio-del-llibre-ens-ho-hem-passat-be\/","title":{"rendered":"Presentaci\u00f3 del llibre &#8220;Ens ho hem passat b\u00e9&#8221;"},"content":{"rendered":"<p>El proper dissabte dia 14 de novembre a les 19:30 h presentem a la Casa Irla el llibre: &#8220;Ens ho hem passat b\u00e9&#8221; de Miquel Borrell i Sabater.<!--more--><\/p>\n<div>\n<div>\n<div>&#8220;Ens ho hem passat b\u00e9&#8221; \u00e9s un passeig per la Catalunya dels anys cinquanta fins a l\u2019actualitat sota la mirada d\u2019un nen de poble que despr\u00e9s ser\u00e0 un jove mestre de poble i m\u00e9s endavant un professor d\u2019Hist\u00f2ria, sempre de poble.<\/div>\n<div><\/div>\n<div>De Los Sirex a Els Amics de les Arts, del cuit d\u2019amagar al Facebook, de Franco a l\u2019independentisme, de les patates bullides al sushi, un espl\u00e8ndid retrat dels catalans de la segona meitat del segle xx, dels catalans de poble, dels que sempre han d\u2019agafar el tren o l\u2019autob\u00fas per anar a la \u00abcapital\u00bb.<\/div>\n<div><\/div>\n<div>Festes majors d\u2019infants, bretolades d\u2019adolescents, el servei militar, projectes de joves, realitats d\u2019adults, reflexions, il\u00b7lusions, frustracions de les \u00faniques generacions Catalanes que no han viscut cap guerra. Riure i plorar, recordar i oblidar, viure.<\/p>\n<p>*Entrada lliure i gratu\u00efta.<\/p><\/div>\n<div><\/div>\n<\/div>\n<\/div>\n","protected":false},"excerpt":{"rendered":"<p>El proper dissabte dia 14 de novembre a les 19:30 h presentem a la Casa Irla el llibre: &#8220;Ens ho<\/p>\n","protected":false},"author":1,"featured_media":486,"comment_status":"open","ping_status":"open","sticky":false,"template":"template-centered.php","format":"standard","meta":{"footnotes":""},"categories":[1],"tags":[],"class_list":["post-485","post","type-post","status-publish","format-standard","has-post-thumbnail","hentry","category-general"],"_links":{"self":[{"href":"https:\/\/irla.cat\/casairla\/wp-json\/wp\/v2\/posts\/485","targetHints":{"allow":["GET"]}}],"collection":[{"href":"https:\/\/irla.cat\/casairla\/wp-json\/wp\/v2\/posts"}],"about":[{"href":"https:\/\/irla.cat\/casairla\/wp-json\/wp\/v2\/types\/post"}],"author":[{"embeddable":true,"href":"https:\/\/irla.cat\/casairla\/wp-json\/wp\/v2\/users\/1"}],"replies":[{"embeddable":true,"href":"https:\/\/irla.cat\/casairla\/wp-json\/wp\/v2\/comments?post=485"}],"version-history":[{"count":1,"href":"https:\/\/irla.cat\/casairla\/wp-json\/wp\/v2\/posts\/485\/revisions"}],"predecessor-version":[{"id":487,"href":"https:\/\/irla.cat\/casairla\/wp-json\/wp\/v2\/posts\/485\/revisions\/487"}],"wp:featuredmedia":[{"embeddable":true,"href":"https:\/\/irla.cat\/casairla\/wp-json\/wp\/v2\/media\/486"}],"wp:attachment":[{"href":"https:\/\/irla.cat\/casairla\/wp-json\/wp\/v2\/media?parent=485"}],"wp:term":[{"taxonomy":"category","embeddable":true,"href":"https:\/\/irla.cat\/casairla\/wp-json\/wp\/v2\/categories?post=485"},{"taxonomy":"post_tag","embeddable":true,"href":"https:\/\/irla.cat\/casairla\/wp-json\/wp\/v2\/tags?post=485"}],"curies":[{"name":"wp","href":"https:\/\/api.w.org\/{rel}","templated":true}]}}