{"id":479,"date":"2015-10-13T11:42:07","date_gmt":"2015-10-13T10:42:07","guid":{"rendered":"http:\/\/www.irla.cat\/casairla\/?p=479"},"modified":"2017-03-27T11:44:10","modified_gmt":"2017-03-27T10:44:10","slug":"presentacio-del-llibre-amb-ulls-estrangers","status":"publish","type":"post","link":"https:\/\/irla.cat\/casairla\/2015\/10\/13\/presentacio-del-llibre-amb-ulls-estrangers\/","title":{"rendered":"Presentaci\u00f3 del llibre &#8220;Amb ulls estrangers&#8221;"},"content":{"rendered":"<p>El proper divendres dia 16 d&#8217;octubre a les 20h a la Casa Irla de Sant Feliu de Gu\u00edxols presentaci\u00f3 del llibre: &#8220;Amb ulls estrangers&#8221; de l&#8217;Arnau Gonz\u00e1lez i Vilalta.<!--more--><\/p>\n<div>\n<div>Arnau Gonz\u00e1lez i Vilalta (Barcelona, 1980), es professor del Dep. d\u2019Hist\u00f2ria Moderna i Contempor\u00e0nia de la UAB. Ha publicat una quinzena de llibres en els quals s\u2019ha centrat les seves l\u00ednies d\u2019investigaci\u00f3 al voltant del nacionalisme catal\u00e0 en el per\u00edode republic\u00e0, figures com les del President Companys o la mirada diplom\u00e0tica de la Catalunya dels anys trenta, especialment durant la Guerra Civil.<\/div>\n<div><\/div>\n<div>\u201cAmb ulls estrangers\u201d aborda per primera vegada la mirada que la diplom\u00e0cia d\u2019algunes de les principals pot\u00e8ncies europees van transmetre als seus governs de la Catalunya en guerra (1936-1939). Un inter\u00e8s que se centraria en la possibilitat de la independ\u00e8ncia catalana, la for\u00e7a dels corrents d\u2019extrema esquerra catalans i la protecci\u00f3 dels interessos i ciutadans estrangers establerts al pa\u00eds.<\/p>\n<p>Acte gratu\u00eft.<\/p>\n<p>M\u00e9s informaci\u00f3 trucant a la Casa Irla al tel. 972.11.74.39 o adre\u00e7ant un correu a casa@irla.<\/p><\/div>\n<div><\/div>\n<\/div>\n","protected":false},"excerpt":{"rendered":"<p>El proper divendres dia 16 d&#8217;octubre a les 20h a la Casa Irla de Sant Feliu de Gu\u00edxols presentaci\u00f3 del<\/p>\n","protected":false},"author":1,"featured_media":480,"comment_status":"open","ping_status":"open","sticky":false,"template":"template-centered.php","format":"standard","meta":{"footnotes":""},"categories":[1],"tags":[],"class_list":["post-479","post","type-post","status-publish","format-standard","has-post-thumbnail","hentry","category-general"],"_links":{"self":[{"href":"https:\/\/irla.cat\/casairla\/wp-json\/wp\/v2\/posts\/479","targetHints":{"allow":["GET"]}}],"collection":[{"href":"https:\/\/irla.cat\/casairla\/wp-json\/wp\/v2\/posts"}],"about":[{"href":"https:\/\/irla.cat\/casairla\/wp-json\/wp\/v2\/types\/post"}],"author":[{"embeddable":true,"href":"https:\/\/irla.cat\/casairla\/wp-json\/wp\/v2\/users\/1"}],"replies":[{"embeddable":true,"href":"https:\/\/irla.cat\/casairla\/wp-json\/wp\/v2\/comments?post=479"}],"version-history":[{"count":1,"href":"https:\/\/irla.cat\/casairla\/wp-json\/wp\/v2\/posts\/479\/revisions"}],"predecessor-version":[{"id":481,"href":"https:\/\/irla.cat\/casairla\/wp-json\/wp\/v2\/posts\/479\/revisions\/481"}],"wp:featuredmedia":[{"embeddable":true,"href":"https:\/\/irla.cat\/casairla\/wp-json\/wp\/v2\/media\/480"}],"wp:attachment":[{"href":"https:\/\/irla.cat\/casairla\/wp-json\/wp\/v2\/media?parent=479"}],"wp:term":[{"taxonomy":"category","embeddable":true,"href":"https:\/\/irla.cat\/casairla\/wp-json\/wp\/v2\/categories?post=479"},{"taxonomy":"post_tag","embeddable":true,"href":"https:\/\/irla.cat\/casairla\/wp-json\/wp\/v2\/tags?post=479"}],"curies":[{"name":"wp","href":"https:\/\/api.w.org\/{rel}","templated":true}]}}