{"id":476,"date":"2015-09-22T11:36:18","date_gmt":"2015-09-22T10:36:18","guid":{"rendered":"http:\/\/www.irla.cat\/casairla\/?p=476"},"modified":"2017-03-27T11:40:17","modified_gmt":"2017-03-27T10:40:17","slug":"gran-inauguracio-de-la-tavera-de-cas-romague-de-la-casa-irla","status":"publish","type":"post","link":"https:\/\/irla.cat\/casairla\/2015\/09\/22\/gran-inauguracio-de-la-tavera-de-cas-romague-de-la-casa-irla\/","title":{"rendered":"Gran inauguraci\u00f3 de la Tavera de Cas Romagu\u00e9 de la Casa Irla"},"content":{"rendered":"<p>El proper dimarts dia 22 de setembre a les 21 h gran inauguraci\u00f3 de la Taverna de Cas Romagu\u00e9 de la Casa Irla.<!--more--><\/p>\n<p>La inauguraci\u00f3 comptar\u00e0 amb la presencia de la cantant i compositora de folk americ\u00e0, Michelle Shoched. Com a convidat especial tindrem a Lach el padr\u00ed de l&#8217;antifolk.<\/p>\n<p>A partir d&#8217;ara la taverna ser\u00e0 regentada per l&#8217;antic propietari de l&#8217;Ancla, el Sr. Kevin Abbott.<\/p>\n<p>Us hi esperem a tots!!<\/p>\n<p>Entrada gratu\u00efta.<\/p>\n<p>M\u00e9s informaci\u00f3 trucant a la Casa Irla al tel. 972.11.74.39<\/p>\n","protected":false},"excerpt":{"rendered":"<p>El proper dimarts dia 22 de setembre a les 21 h gran inauguraci\u00f3 de la Taverna de Cas Romagu\u00e9 de<\/p>\n","protected":false},"author":1,"featured_media":477,"comment_status":"open","ping_status":"open","sticky":false,"template":"template-centered.php","format":"standard","meta":{"footnotes":""},"categories":[1],"tags":[],"class_list":["post-476","post","type-post","status-publish","format-standard","has-post-thumbnail","hentry","category-general"],"_links":{"self":[{"href":"https:\/\/irla.cat\/casairla\/wp-json\/wp\/v2\/posts\/476","targetHints":{"allow":["GET"]}}],"collection":[{"href":"https:\/\/irla.cat\/casairla\/wp-json\/wp\/v2\/posts"}],"about":[{"href":"https:\/\/irla.cat\/casairla\/wp-json\/wp\/v2\/types\/post"}],"author":[{"embeddable":true,"href":"https:\/\/irla.cat\/casairla\/wp-json\/wp\/v2\/users\/1"}],"replies":[{"embeddable":true,"href":"https:\/\/irla.cat\/casairla\/wp-json\/wp\/v2\/comments?post=476"}],"version-history":[{"count":1,"href":"https:\/\/irla.cat\/casairla\/wp-json\/wp\/v2\/posts\/476\/revisions"}],"predecessor-version":[{"id":478,"href":"https:\/\/irla.cat\/casairla\/wp-json\/wp\/v2\/posts\/476\/revisions\/478"}],"wp:featuredmedia":[{"embeddable":true,"href":"https:\/\/irla.cat\/casairla\/wp-json\/wp\/v2\/media\/477"}],"wp:attachment":[{"href":"https:\/\/irla.cat\/casairla\/wp-json\/wp\/v2\/media?parent=476"}],"wp:term":[{"taxonomy":"category","embeddable":true,"href":"https:\/\/irla.cat\/casairla\/wp-json\/wp\/v2\/categories?post=476"},{"taxonomy":"post_tag","embeddable":true,"href":"https:\/\/irla.cat\/casairla\/wp-json\/wp\/v2\/tags?post=476"}],"curies":[{"name":"wp","href":"https:\/\/api.w.org\/{rel}","templated":true}]}}