{"id":473,"date":"2015-09-07T11:30:49","date_gmt":"2015-09-07T10:30:49","guid":{"rendered":"http:\/\/www.irla.cat\/casairla\/?p=473"},"modified":"2017-03-27T11:36:08","modified_gmt":"2017-03-27T10:36:08","slug":"presentacio-del-llibre-aportacions-catalanes-universals","status":"publish","type":"post","link":"https:\/\/irla.cat\/casairla\/2015\/09\/07\/presentacio-del-llibre-aportacions-catalanes-universals\/","title":{"rendered":"Presentaci\u00f3 del llibre &#8220;Aportacions catalanes universals&#8221;"},"content":{"rendered":"<p>Confer\u00e8ncia-Col\u00b7loqui: Aproximaci\u00f3 al coneixement de la pres\u00e8ncia catalana la cultura internacional.<!--more--><\/p>\n<p>Els Amics del Museu i la Fundaci\u00f3 Josep Irla, els conviden a la Confer\u00e8ncia-Col\u00b7loqui: Aproximaci\u00f3 al coneixement de la pres\u00e8ncia catalana a la cultura internacional amb la presentaci\u00f3 del llibre: Aportacions Catalanes Universals.<\/p>\n<p>La presentaci\u00f3 anir\u00e0 a c\u00e8rrec del director de l&#8217;edeci\u00f3, enginyer i President de FERRMED, Sr. Joan Amor\u00f3s i Pla.<\/p>\n<p>Assistiran a l&#8217;acte el Sr. Carles Motas, Alcalde de la ciutat; el Sr. Josep Amat, enginyer; el Sr. Manel Gorro, Director de la Casa Irla i el Sr. Josep M. Vicens, President d&#8217;Amics del Museu.<\/p>\n<p>Entrada lliure.<\/p>\n","protected":false},"excerpt":{"rendered":"<p>Confer\u00e8ncia-Col\u00b7loqui: Aproximaci\u00f3 al coneixement de la pres\u00e8ncia catalana la cultura internacional.<\/p>\n","protected":false},"author":1,"featured_media":474,"comment_status":"open","ping_status":"open","sticky":false,"template":"template-centered.php","format":"standard","meta":{"footnotes":""},"categories":[1],"tags":[],"class_list":["post-473","post","type-post","status-publish","format-standard","has-post-thumbnail","hentry","category-general"],"_links":{"self":[{"href":"https:\/\/irla.cat\/casairla\/wp-json\/wp\/v2\/posts\/473","targetHints":{"allow":["GET"]}}],"collection":[{"href":"https:\/\/irla.cat\/casairla\/wp-json\/wp\/v2\/posts"}],"about":[{"href":"https:\/\/irla.cat\/casairla\/wp-json\/wp\/v2\/types\/post"}],"author":[{"embeddable":true,"href":"https:\/\/irla.cat\/casairla\/wp-json\/wp\/v2\/users\/1"}],"replies":[{"embeddable":true,"href":"https:\/\/irla.cat\/casairla\/wp-json\/wp\/v2\/comments?post=473"}],"version-history":[{"count":1,"href":"https:\/\/irla.cat\/casairla\/wp-json\/wp\/v2\/posts\/473\/revisions"}],"predecessor-version":[{"id":475,"href":"https:\/\/irla.cat\/casairla\/wp-json\/wp\/v2\/posts\/473\/revisions\/475"}],"wp:featuredmedia":[{"embeddable":true,"href":"https:\/\/irla.cat\/casairla\/wp-json\/wp\/v2\/media\/474"}],"wp:attachment":[{"href":"https:\/\/irla.cat\/casairla\/wp-json\/wp\/v2\/media?parent=473"}],"wp:term":[{"taxonomy":"category","embeddable":true,"href":"https:\/\/irla.cat\/casairla\/wp-json\/wp\/v2\/categories?post=473"},{"taxonomy":"post_tag","embeddable":true,"href":"https:\/\/irla.cat\/casairla\/wp-json\/wp\/v2\/tags?post=473"}],"curies":[{"name":"wp","href":"https:\/\/api.w.org\/{rel}","templated":true}]}}