{"id":470,"date":"2015-09-01T11:29:08","date_gmt":"2015-09-01T10:29:08","guid":{"rendered":"http:\/\/www.irla.cat\/casairla\/?p=470"},"modified":"2017-03-27T11:30:41","modified_gmt":"2017-03-27T10:30:41","slug":"la-vida-dels-saltimbanquis-de-jordi-julia","status":"publish","type":"post","link":"https:\/\/irla.cat\/casairla\/2015\/09\/01\/la-vida-dels-saltimbanquis-de-jordi-julia\/","title":{"rendered":"La vida dels saltimbanquis de Jordi Juli\u00e0"},"content":{"rendered":"<p>El proper dissabte dia 5 de setembre a les 19 h inaugurem l&#8217;exposici\u00f3 de fotografia &#8220;La vida dels saltimbanquis&#8221; de Jordi Juli\u00e0.<!--more--><\/p>\n<p>\u201cLa vida dels saltimbanquis\u201d\u00a0\u00a0mostra a l\u2019espectador la meva mirada personal i intimista a aquest estil de vida, una mirada propera i c\u00f2mplice, fruit de quatre mesos de treball i conviv\u00e8ncia (entre l\u2019octubre del 2013 i el febrer del 2014). Aquest projecte ha estat possible gr\u00e0cies a una beca KREAS de l\u2019Ajuntament de Girona i la complicitat dels artistes del Circ Raluy.<\/p>\n<p>Com a suport a l\u2019exposici\u00f3\u00a0s\u2019ha editat el llibre \u201cLa vida dels saltimbanquis\u201d amb una visi\u00f3 completa del treball realitzat.<\/p>\n<p>Podreu gaudir de l&#8217;exposici\u00f3 fins el 31 d&#8217;octubre.<\/p>\n<p>Entrada lliure<\/p>\n<p>&nbsp;<\/p>\n","protected":false},"excerpt":{"rendered":"<p>El proper dissabte dia 5 de setembre a les 19 h inaugurem l&#8217;exposici\u00f3 de fotografia &#8220;La vida dels saltimbanquis&#8221; de<\/p>\n","protected":false},"author":1,"featured_media":471,"comment_status":"open","ping_status":"open","sticky":false,"template":"template-centered.php","format":"standard","meta":{"footnotes":""},"categories":[1],"tags":[],"class_list":["post-470","post","type-post","status-publish","format-standard","has-post-thumbnail","hentry","category-general"],"_links":{"self":[{"href":"https:\/\/irla.cat\/casairla\/wp-json\/wp\/v2\/posts\/470","targetHints":{"allow":["GET"]}}],"collection":[{"href":"https:\/\/irla.cat\/casairla\/wp-json\/wp\/v2\/posts"}],"about":[{"href":"https:\/\/irla.cat\/casairla\/wp-json\/wp\/v2\/types\/post"}],"author":[{"embeddable":true,"href":"https:\/\/irla.cat\/casairla\/wp-json\/wp\/v2\/users\/1"}],"replies":[{"embeddable":true,"href":"https:\/\/irla.cat\/casairla\/wp-json\/wp\/v2\/comments?post=470"}],"version-history":[{"count":1,"href":"https:\/\/irla.cat\/casairla\/wp-json\/wp\/v2\/posts\/470\/revisions"}],"predecessor-version":[{"id":472,"href":"https:\/\/irla.cat\/casairla\/wp-json\/wp\/v2\/posts\/470\/revisions\/472"}],"wp:featuredmedia":[{"embeddable":true,"href":"https:\/\/irla.cat\/casairla\/wp-json\/wp\/v2\/media\/471"}],"wp:attachment":[{"href":"https:\/\/irla.cat\/casairla\/wp-json\/wp\/v2\/media?parent=470"}],"wp:term":[{"taxonomy":"category","embeddable":true,"href":"https:\/\/irla.cat\/casairla\/wp-json\/wp\/v2\/categories?post=470"},{"taxonomy":"post_tag","embeddable":true,"href":"https:\/\/irla.cat\/casairla\/wp-json\/wp\/v2\/tags?post=470"}],"curies":[{"name":"wp","href":"https:\/\/api.w.org\/{rel}","templated":true}]}}