{"id":464,"date":"2015-06-17T11:23:56","date_gmt":"2015-06-17T10:23:56","guid":{"rendered":"http:\/\/www.irla.cat\/casairla\/?p=464"},"modified":"2017-03-27T11:26:04","modified_gmt":"2017-03-27T10:26:04","slug":"presentacio-del-llibre-josep-rahola-una-veu-catalanista-desquerres-al-senat","status":"publish","type":"post","link":"https:\/\/irla.cat\/casairla\/2015\/06\/17\/presentacio-del-llibre-josep-rahola-una-veu-catalanista-desquerres-al-senat\/","title":{"rendered":"Presentaci\u00f3 del llibre &#8220;Josep Rahola. Una veu catalanista d&#8217;esquerres al senat&#8221;"},"content":{"rendered":"<p>El proper dissabte dia 27 de juny a les 19 h es presenta el llibre de Francesc Marco Palau: &#8220;Josep Rahola. Una veu catalanista d&#8217;esquerres al senat&#8221;.<!--more--><br \/>\nJosep Rahola d\u2019Espona (Barcelona, 1918) \u00e9s exemple de fidelitat al pa\u00eds. Enginyer de professi\u00f3, forma part d\u2019una de les nissagues gironines m\u00e9s apassionants del segle XX. Fam\u00edlia de comerciants, intel\u00b7lectuals i pol\u00edtics, la seva \u00e9s una vida dedicada a la llengua i a la cultura catalanes.<\/p>\n<p>Del 1979 al 1986 va fer presents al Senat els valors d\u2019esquerres, catalanistes i republicans del seu partit, ERC, que avui continua defensant.<\/p>\n<p>D\u2019arrel i cor empordan\u00e8s, el seu comprom\u00eds nacional el converteix en un referent del catalanisme a les comarques gironines.<\/p>\n<div>Francesc Marco Palau (Tarragona, 1989) Historiador. Llicenciat en Hist\u00f2ria per la Universitat Rovira i Virgili i m\u00e0ster en Hist\u00f2ria de Catalunya a la Universitat Aut\u00f2noma de Barcelona. Realitz\u00e0 una estada acad\u00e8mica a la Universitat de Val\u00e8ncia.<\/div>\n<div><\/div>\n<div>Actualment \u00e9s doctorand en Hist\u00f2ria comparada, pol\u00edtica i social a la UAB. Columnista de premsa i opinador en diversos mitjans de comunicaci\u00f3, ha publicat articles acad\u00e8mics i de divulgaci\u00f3 en refer\u00e8ncia a les tipologies culturals i pol\u00edtiques del catalanisme, aix\u00ed com d\u2019art contemporani catal\u00e0.<\/div>\n<div><\/div>\n","protected":false},"excerpt":{"rendered":"<p>El proper dissabte dia 27 de juny a les 19 h es presenta el llibre de Francesc Marco Palau: &#8220;Josep<\/p>\n","protected":false},"author":1,"featured_media":465,"comment_status":"open","ping_status":"open","sticky":false,"template":"template-centered.php","format":"standard","meta":{"footnotes":""},"categories":[1],"tags":[],"class_list":["post-464","post","type-post","status-publish","format-standard","has-post-thumbnail","hentry","category-general"],"_links":{"self":[{"href":"https:\/\/irla.cat\/casairla\/wp-json\/wp\/v2\/posts\/464","targetHints":{"allow":["GET"]}}],"collection":[{"href":"https:\/\/irla.cat\/casairla\/wp-json\/wp\/v2\/posts"}],"about":[{"href":"https:\/\/irla.cat\/casairla\/wp-json\/wp\/v2\/types\/post"}],"author":[{"embeddable":true,"href":"https:\/\/irla.cat\/casairla\/wp-json\/wp\/v2\/users\/1"}],"replies":[{"embeddable":true,"href":"https:\/\/irla.cat\/casairla\/wp-json\/wp\/v2\/comments?post=464"}],"version-history":[{"count":1,"href":"https:\/\/irla.cat\/casairla\/wp-json\/wp\/v2\/posts\/464\/revisions"}],"predecessor-version":[{"id":466,"href":"https:\/\/irla.cat\/casairla\/wp-json\/wp\/v2\/posts\/464\/revisions\/466"}],"wp:featuredmedia":[{"embeddable":true,"href":"https:\/\/irla.cat\/casairla\/wp-json\/wp\/v2\/media\/465"}],"wp:attachment":[{"href":"https:\/\/irla.cat\/casairla\/wp-json\/wp\/v2\/media?parent=464"}],"wp:term":[{"taxonomy":"category","embeddable":true,"href":"https:\/\/irla.cat\/casairla\/wp-json\/wp\/v2\/categories?post=464"},{"taxonomy":"post_tag","embeddable":true,"href":"https:\/\/irla.cat\/casairla\/wp-json\/wp\/v2\/tags?post=464"}],"curies":[{"name":"wp","href":"https:\/\/api.w.org\/{rel}","templated":true}]}}