{"id":455,"date":"2015-06-01T11:18:02","date_gmt":"2015-06-01T10:18:02","guid":{"rendered":"http:\/\/www.irla.cat\/casairla\/?p=455"},"modified":"2017-03-27T11:20:53","modified_gmt":"2017-03-27T10:20:53","slug":"presentacio-del-llibre-un-home-que-sen-va-de-vicenc-villatoro","status":"publish","type":"post","link":"https:\/\/irla.cat\/casairla\/2015\/06\/01\/presentacio-del-llibre-un-home-que-sen-va-de-vicenc-villatoro\/","title":{"rendered":"Presentaci\u00f3 del llibre &#8220;Un home que se&#8217;n va&#8221; de Vicen\u00e7 Villatoro"},"content":{"rendered":"<p>La Casa Irla presenta el llibre de Vicen\u00e7 Villatoro &#8220;Un home que se&#8217;n va&#8221;.<!--more--><\/p>\n<p>Vicen\u00e7 Villatoro indaga en les causes que van fer que el seu avi abandon\u00e9s Castro del R\u00edo, un poble &#8220;blanc i imm\u00f2bil&#8221; de C\u00f2rdova, a l&#8217;edat de 60 anys, despr\u00e9s d&#8217;una vida agitada, com a regidor de l&#8217;esquerra burgesa, comerciant de teixits sense sentit del negoci, condemnat a mort pels franquistes i finalment emigrant a 60 anys, gaireb\u00e9 l&#8217;edat que t\u00e9 el seu n\u00e9t escriptor quan s&#8217;encara a la figura enigm\u00e0tica de l&#8217;avi Vicente.<\/p>\n<p>Un home que se&#8217;n va \u00e9s una novel\u00b7la testimonial i de reconstrucci\u00f3 del passat. Un cop mort l&#8217;avi, l&#8217;escriptor Vicen\u00e7 Villatoro fa un viatge a Castro amb el pare, per reconstruir entre tots dos la gran hist\u00f2ria d&#8217;un de tants immigrants que un dia van deixar el poble sense saber si hi tornarien mai m\u00e9s. De Vicen\u00e7 a Vicente i de Vicente a Vicen\u00e7, un viatge als or\u00edgens i una projecci\u00f3 de futur.<\/p>\n<p>&nbsp;<\/p>\n","protected":false},"excerpt":{"rendered":"<p>La Casa Irla presenta el llibre de Vicen\u00e7 Villatoro &#8220;Un home que se&#8217;n va&#8221;.<\/p>\n","protected":false},"author":1,"featured_media":456,"comment_status":"open","ping_status":"open","sticky":false,"template":"template-centered.php","format":"standard","meta":{"footnotes":""},"categories":[1],"tags":[],"class_list":["post-455","post","type-post","status-publish","format-standard","has-post-thumbnail","hentry","category-general"],"_links":{"self":[{"href":"https:\/\/irla.cat\/casairla\/wp-json\/wp\/v2\/posts\/455","targetHints":{"allow":["GET"]}}],"collection":[{"href":"https:\/\/irla.cat\/casairla\/wp-json\/wp\/v2\/posts"}],"about":[{"href":"https:\/\/irla.cat\/casairla\/wp-json\/wp\/v2\/types\/post"}],"author":[{"embeddable":true,"href":"https:\/\/irla.cat\/casairla\/wp-json\/wp\/v2\/users\/1"}],"replies":[{"embeddable":true,"href":"https:\/\/irla.cat\/casairla\/wp-json\/wp\/v2\/comments?post=455"}],"version-history":[{"count":1,"href":"https:\/\/irla.cat\/casairla\/wp-json\/wp\/v2\/posts\/455\/revisions"}],"predecessor-version":[{"id":457,"href":"https:\/\/irla.cat\/casairla\/wp-json\/wp\/v2\/posts\/455\/revisions\/457"}],"wp:featuredmedia":[{"embeddable":true,"href":"https:\/\/irla.cat\/casairla\/wp-json\/wp\/v2\/media\/456"}],"wp:attachment":[{"href":"https:\/\/irla.cat\/casairla\/wp-json\/wp\/v2\/media?parent=455"}],"wp:term":[{"taxonomy":"category","embeddable":true,"href":"https:\/\/irla.cat\/casairla\/wp-json\/wp\/v2\/categories?post=455"},{"taxonomy":"post_tag","embeddable":true,"href":"https:\/\/irla.cat\/casairla\/wp-json\/wp\/v2\/tags?post=455"}],"curies":[{"name":"wp","href":"https:\/\/api.w.org\/{rel}","templated":true}]}}