{"id":446,"date":"2015-04-30T11:12:20","date_gmt":"2015-04-30T10:12:20","guid":{"rendered":"http:\/\/www.irla.cat\/casairla\/?p=446"},"modified":"2017-03-27T11:14:15","modified_gmt":"2017-03-27T10:14:15","slug":"exposicio-francesc-macia-una-catalunya-lliure-justa-prospoera-i-gloriosa","status":"publish","type":"post","link":"https:\/\/irla.cat\/casairla\/2015\/04\/30\/exposicio-francesc-macia-una-catalunya-lliure-justa-prospoera-i-gloriosa\/","title":{"rendered":"Exposici\u00f3 Francesc Maci\u00e0. Una Catalunya lliure, justa, pr\u00f2spoera i gloriosa"},"content":{"rendered":"<p><span lang=\"CA\">La Casa Irla<\/span><span lang=\"CA\"> de Sant Feliu de Gu\u00edxols durant el mes de maig acollir\u00e0 l&#8217;exposici\u00f3 itinerant de la Fundaci\u00f3 Josep Irla: \u201cFrancesc Maci\u00e0: una Catalunya lliure, justa, pr\u00f2spera i gloriosa\u201d.<\/span><!--more--><\/p>\n<p><span lang=\"CA\">La inauguraci\u00f3 ser\u00e0 un acte obert el proper dimarts\u00a0<\/span>5 de maig a les 19h.<\/p>\n<p><span lang=\"ES\">\u00a0<\/span>Un recorregut per la figura pol\u00edtica m\u00e9s important i estimada de la hist\u00f2ria contempor\u00e0nia de Catalunya. Permet descobrir les claus que van dur a un tinent coronel d&#8217;enginyers de l&#8217;ex\u00e8rcit espanyol a esdevenir el l\u00edder de l&#8217;independentisme catal\u00e0. Permet con\u00e8ixer amb m\u00e9s profunditat a qui millor va saber expressar en paraules i fets el nostre somni col\u00b7lectiu: \u201cuna Catalunya lliure, socialment justa, econ\u00f2micament pr\u00f2spera i espiritualment gloriosa\u201d.<\/p>\n<p>Els horaris de visita s\u00f3n: de dijous a diumenge de 10h a 13h i divendres i dissabte tamb\u00e9 de 17h a 19:30h.<\/p>\n<p><span lang=\"CA\">Us convidem a la inauguraci\u00f3.<\/span><\/p>\n<p>&nbsp;<\/p>\n","protected":false},"excerpt":{"rendered":"<p>La Casa Irla de Sant Feliu de Gu\u00edxols durant el mes de maig acollir\u00e0 l&#8217;exposici\u00f3 itinerant de la Fundaci\u00f3 Josep<\/p>\n","protected":false},"author":1,"featured_media":447,"comment_status":"open","ping_status":"open","sticky":false,"template":"template-centered.php","format":"standard","meta":{"footnotes":""},"categories":[1],"tags":[],"class_list":["post-446","post","type-post","status-publish","format-standard","has-post-thumbnail","hentry","category-general"],"_links":{"self":[{"href":"https:\/\/irla.cat\/casairla\/wp-json\/wp\/v2\/posts\/446","targetHints":{"allow":["GET"]}}],"collection":[{"href":"https:\/\/irla.cat\/casairla\/wp-json\/wp\/v2\/posts"}],"about":[{"href":"https:\/\/irla.cat\/casairla\/wp-json\/wp\/v2\/types\/post"}],"author":[{"embeddable":true,"href":"https:\/\/irla.cat\/casairla\/wp-json\/wp\/v2\/users\/1"}],"replies":[{"embeddable":true,"href":"https:\/\/irla.cat\/casairla\/wp-json\/wp\/v2\/comments?post=446"}],"version-history":[{"count":1,"href":"https:\/\/irla.cat\/casairla\/wp-json\/wp\/v2\/posts\/446\/revisions"}],"predecessor-version":[{"id":448,"href":"https:\/\/irla.cat\/casairla\/wp-json\/wp\/v2\/posts\/446\/revisions\/448"}],"wp:featuredmedia":[{"embeddable":true,"href":"https:\/\/irla.cat\/casairla\/wp-json\/wp\/v2\/media\/447"}],"wp:attachment":[{"href":"https:\/\/irla.cat\/casairla\/wp-json\/wp\/v2\/media?parent=446"}],"wp:term":[{"taxonomy":"category","embeddable":true,"href":"https:\/\/irla.cat\/casairla\/wp-json\/wp\/v2\/categories?post=446"},{"taxonomy":"post_tag","embeddable":true,"href":"https:\/\/irla.cat\/casairla\/wp-json\/wp\/v2\/tags?post=446"}],"curies":[{"name":"wp","href":"https:\/\/api.w.org\/{rel}","templated":true}]}}