{"id":443,"date":"2015-04-27T11:09:25","date_gmt":"2015-04-27T10:09:25","guid":{"rendered":"http:\/\/www.irla.cat\/casairla\/?p=443"},"modified":"2017-03-27T11:12:07","modified_gmt":"2017-03-27T10:12:07","slug":"exposicio-histories-pintades-de-jordi-guillem","status":"publish","type":"post","link":"https:\/\/irla.cat\/casairla\/2015\/04\/27\/exposicio-histories-pintades-de-jordi-guillem\/","title":{"rendered":"Exposici\u00f3 &#8220;Hist\u00f2ries pintades&#8221; de Jordi Guillem"},"content":{"rendered":"<p>Jordi Guillem presenta a la Casa Irla l&#8217;exposici\u00f3 &#8220;Hist\u00f2ries pintades&#8221;.<!--more--><\/p>\n<p>Llicenciat en periodisme i aficionat al dibuix des de sempre, ha fet treballs de ninotaire i il\u00b7lustrador en llibres, revistes i diaris de manera paral\u00b7lela a les seves diverses etapes professionals.<\/p>\n<p>Aix\u00f2 es reflecteix en les seves pintures, on el dibuix n\u2019\u00e9s part essencial. La seva introducci\u00f3 en el m\u00f3n de la pintura \u00e9s molt recent i la seva formaci\u00f3, autodidacta. Amb tot, intenta seguir el llegat dels mestres figuratius, tant contemporanis com del passat, informant-se sobre les seves t\u00e8cniques i documentant-se sobre els diferents processos creatius. La tela i els panells de fusta s\u00f3n els suports amb qu\u00e8 treballa habitualment les seves composicions a l\u2019oli.<\/p>\n<p>La figura humana \u00e9s present a la major part dels seus quadres, per\u00f2 tamb\u00e9 els animals i la natura. Cadascuna de les seves obres intenta captar una hist\u00f2ria, un moment, &#8230; de vegades una reflexi\u00f3 o una petita broma visual.<\/p>\n<p>Inauguraci\u00f3 el diumenge dia 3 de maig a les 12 h del migdia.<\/p>\n<p>&nbsp;<\/p>\n","protected":false},"excerpt":{"rendered":"<p>Jordi Guillem presenta a la Casa Irla l&#8217;exposici\u00f3 &#8220;Hist\u00f2ries pintades&#8221;.<\/p>\n","protected":false},"author":1,"featured_media":444,"comment_status":"open","ping_status":"open","sticky":false,"template":"template-centered.php","format":"standard","meta":{"footnotes":""},"categories":[1],"tags":[],"class_list":["post-443","post","type-post","status-publish","format-standard","has-post-thumbnail","hentry","category-general"],"_links":{"self":[{"href":"https:\/\/irla.cat\/casairla\/wp-json\/wp\/v2\/posts\/443","targetHints":{"allow":["GET"]}}],"collection":[{"href":"https:\/\/irla.cat\/casairla\/wp-json\/wp\/v2\/posts"}],"about":[{"href":"https:\/\/irla.cat\/casairla\/wp-json\/wp\/v2\/types\/post"}],"author":[{"embeddable":true,"href":"https:\/\/irla.cat\/casairla\/wp-json\/wp\/v2\/users\/1"}],"replies":[{"embeddable":true,"href":"https:\/\/irla.cat\/casairla\/wp-json\/wp\/v2\/comments?post=443"}],"version-history":[{"count":1,"href":"https:\/\/irla.cat\/casairla\/wp-json\/wp\/v2\/posts\/443\/revisions"}],"predecessor-version":[{"id":445,"href":"https:\/\/irla.cat\/casairla\/wp-json\/wp\/v2\/posts\/443\/revisions\/445"}],"wp:featuredmedia":[{"embeddable":true,"href":"https:\/\/irla.cat\/casairla\/wp-json\/wp\/v2\/media\/444"}],"wp:attachment":[{"href":"https:\/\/irla.cat\/casairla\/wp-json\/wp\/v2\/media?parent=443"}],"wp:term":[{"taxonomy":"category","embeddable":true,"href":"https:\/\/irla.cat\/casairla\/wp-json\/wp\/v2\/categories?post=443"},{"taxonomy":"post_tag","embeddable":true,"href":"https:\/\/irla.cat\/casairla\/wp-json\/wp\/v2\/tags?post=443"}],"curies":[{"name":"wp","href":"https:\/\/api.w.org\/{rel}","templated":true}]}}