{"id":439,"date":"2015-04-14T11:06:24","date_gmt":"2015-04-14T10:06:24","guid":{"rendered":"http:\/\/www.irla.cat\/casairla\/?p=439"},"modified":"2017-03-27T11:09:00","modified_gmt":"2017-03-27T10:09:00","slug":"joan-armangue-presenta-gent-de-lemporda","status":"publish","type":"post","link":"https:\/\/irla.cat\/casairla\/2015\/04\/14\/joan-armangue-presenta-gent-de-lemporda\/","title":{"rendered":"Joan Armangu\u00e9 presenta &#8220;Gent de l&#8217;Empord\u00e0&#8221;"},"content":{"rendered":"<p>El proper dissabte dia 18 d&#8217;abril a les 19 h, Joan Armangu\u00e9 presenta el llibre &#8220;Gent de l&#8217;Empord\u00e0&#8221;. <!--more-->Presentar\u00e0 l&#8217;acte el regidor de cultura de l&#8217;Ajuntament de Sant Feliu de Gu\u00edxols, Pere Alb\u00f3.<\/p>\n<p>Els vint-i-set relats de <b><i>Gent de l\u2019Empord\u00e0<\/i><\/b><i> <\/i>s\u00f3n una petita mostra del nostre capital hum\u00e0. Reflexions en primera persona entorn a homes i dones empordaneses.<\/p>\n<p>Des de la llavor dels vells federals, amb <b>Abd\u00f3 Terrades <\/b>i <b>Narc\u00eds Monturiol<\/b> al capdavant, fins als nostres dies, diferents generacions d\u2019empordanesos de naixement o d\u2019adopci\u00f3 representen l\u2019alt nivell de la creativitat i comprom\u00eds de molts homes i dones en els diferents \u00e0mbits de la cultura, la ci\u00e8ncia i la vida social, c\u00edvica i pol\u00edtica.<\/p>\n<p>Al costat dels imprescindibles <b>Dal<\/b>\u00ed i <b>Pla<\/b>, l\u2019autor no s\u2019est\u00e0 de retratar personatges molt diversos com ara <b>Maria \u00c0ngels Anglada<\/b> o <b>Josep Pallach. <\/b>A aquests noms, s\u2019hi afegeixen tres personatges, que per la seva implicaci\u00f3 amb el territori, per fer de l\u2019Empord\u00e0 la seva segona resid\u00e8ncia i\/o la seva complicitat pol\u00edtica i\/o professional, com <b>Ernest Lluch<\/b>, <b>Pasqual Maragall <\/b>i <b>Ferran Adri\u00e0<\/b>, formen part del nostre imaginari col\u00b7lectiu i d\u2019aquest Empord\u00e0 inclusiu.<\/p>\n<p>L&#8217;ep\u00edleg sota el t\u00edtol <b><i>Nosaltres, els empordanesos<\/i><\/b> aplega un breu perfil d&#8217;empordanesos des de <b>Josep Pella i Forgas <\/b>a <b>Josep Irla, <\/b>aix\u00ed com dues reflexions sobre la societat empordanesa, <b><i>Quan a l&#8217;Empord\u00e0 hi havia burgesos honrats, <\/i><\/b>i sobre l&#8217;organitzaci\u00f3 territorial de Catalunya, <b><i>Ara, la Vegueria de l&#8217;Empord\u00e0.<\/i><\/b><\/p>\n<p><img loading=\"lazy\" decoding=\"async\" class=\"aligncenter size-full wp-image-441\" src=\"http:\/\/www.irla.cat\/casairla\/wp-content\/uploads\/2017\/03\/Llibre-Joan-Armengue.png\" alt=\"\" width=\"258\" height=\"400\" srcset=\"https:\/\/irla.cat\/casairla\/wp-content\/uploads\/2017\/03\/Llibre-Joan-Armengue.png 258w, https:\/\/irla.cat\/casairla\/wp-content\/uploads\/2017\/03\/Llibre-Joan-Armengue-194x300.png 194w\" sizes=\"auto, (max-width: 258px) 100vw, 258px\" \/><\/p>\n","protected":false},"excerpt":{"rendered":"<p>El proper dissabte dia 18 d&#8217;abril a les 19 h, Joan Armangu\u00e9 presenta el llibre &#8220;Gent de l&#8217;Empord\u00e0&#8221;.<\/p>\n","protected":false},"author":1,"featured_media":440,"comment_status":"open","ping_status":"open","sticky":false,"template":"template-centered.php","format":"standard","meta":{"footnotes":""},"categories":[1],"tags":[],"class_list":["post-439","post","type-post","status-publish","format-standard","has-post-thumbnail","hentry","category-general"],"_links":{"self":[{"href":"https:\/\/irla.cat\/casairla\/wp-json\/wp\/v2\/posts\/439","targetHints":{"allow":["GET"]}}],"collection":[{"href":"https:\/\/irla.cat\/casairla\/wp-json\/wp\/v2\/posts"}],"about":[{"href":"https:\/\/irla.cat\/casairla\/wp-json\/wp\/v2\/types\/post"}],"author":[{"embeddable":true,"href":"https:\/\/irla.cat\/casairla\/wp-json\/wp\/v2\/users\/1"}],"replies":[{"embeddable":true,"href":"https:\/\/irla.cat\/casairla\/wp-json\/wp\/v2\/comments?post=439"}],"version-history":[{"count":1,"href":"https:\/\/irla.cat\/casairla\/wp-json\/wp\/v2\/posts\/439\/revisions"}],"predecessor-version":[{"id":442,"href":"https:\/\/irla.cat\/casairla\/wp-json\/wp\/v2\/posts\/439\/revisions\/442"}],"wp:featuredmedia":[{"embeddable":true,"href":"https:\/\/irla.cat\/casairla\/wp-json\/wp\/v2\/media\/440"}],"wp:attachment":[{"href":"https:\/\/irla.cat\/casairla\/wp-json\/wp\/v2\/media?parent=439"}],"wp:term":[{"taxonomy":"category","embeddable":true,"href":"https:\/\/irla.cat\/casairla\/wp-json\/wp\/v2\/categories?post=439"},{"taxonomy":"post_tag","embeddable":true,"href":"https:\/\/irla.cat\/casairla\/wp-json\/wp\/v2\/tags?post=439"}],"curies":[{"name":"wp","href":"https:\/\/api.w.org\/{rel}","templated":true}]}}