{"id":436,"date":"2015-04-14T11:03:45","date_gmt":"2015-04-14T10:03:45","guid":{"rendered":"http:\/\/www.irla.cat\/casairla\/?p=436"},"modified":"2017-03-27T11:06:18","modified_gmt":"2017-03-27T10:06:18","slug":"josep-tarradella-i-josep-irla-junts-a-la-casa-irla","status":"publish","type":"post","link":"https:\/\/irla.cat\/casairla\/2015\/04\/14\/josep-tarradella-i-josep-irla-junts-a-la-casa-irla\/","title":{"rendered":"Josep Tarradella i Josep Irla &#8220;Junts&#8221; a la Casa Irla"},"content":{"rendered":"<p>Dissabte va tenir lloc a la Casa Irla la presentaci\u00f3 del llibre \u201cJosep Tarradellas: l&#8217;exili 1\u201d<!--more--><\/p>\n<p>La presentaci\u00f3 es va fer a c\u00e0rrec de l\u2019editor Ton Barnils, d\u2019Edicions Dau i, Montserrat Catal\u00e0, de l&#8217;Arxiu Tarradellas. L\u2019acte va ser condu\u00eft i moderat per Mart\u00ed Vi\u00f1als, amb un col\u00b7loqui final amb els assistents intens i interessant.<\/p>\n<p>Aquest primer volum de la col\u00b7lecci\u00f3 sobre Josep Tarradellas, compr\u00e8n els anys 1939 al 1954 i gira al voltant del ganx\u00f3 Josep Irla, qui fou president de la Generalitat a l&#8217;exili. Tarradellas, una figura pol\u00e8mica i desconeguda, i Irla, un personatge oblidat de la hist\u00f2ria contempor\u00e0nia catalana.<\/p>\n<p>&nbsp;<\/p>\n","protected":false},"excerpt":{"rendered":"<p>Dissabte va tenir lloc a la Casa Irla la presentaci\u00f3 del llibre \u201cJosep Tarradellas: l&#8217;exili 1\u201d<\/p>\n","protected":false},"author":1,"featured_media":437,"comment_status":"open","ping_status":"open","sticky":false,"template":"template-centered.php","format":"standard","meta":{"footnotes":""},"categories":[1],"tags":[],"class_list":["post-436","post","type-post","status-publish","format-standard","has-post-thumbnail","hentry","category-general"],"_links":{"self":[{"href":"https:\/\/irla.cat\/casairla\/wp-json\/wp\/v2\/posts\/436","targetHints":{"allow":["GET"]}}],"collection":[{"href":"https:\/\/irla.cat\/casairla\/wp-json\/wp\/v2\/posts"}],"about":[{"href":"https:\/\/irla.cat\/casairla\/wp-json\/wp\/v2\/types\/post"}],"author":[{"embeddable":true,"href":"https:\/\/irla.cat\/casairla\/wp-json\/wp\/v2\/users\/1"}],"replies":[{"embeddable":true,"href":"https:\/\/irla.cat\/casairla\/wp-json\/wp\/v2\/comments?post=436"}],"version-history":[{"count":1,"href":"https:\/\/irla.cat\/casairla\/wp-json\/wp\/v2\/posts\/436\/revisions"}],"predecessor-version":[{"id":438,"href":"https:\/\/irla.cat\/casairla\/wp-json\/wp\/v2\/posts\/436\/revisions\/438"}],"wp:featuredmedia":[{"embeddable":true,"href":"https:\/\/irla.cat\/casairla\/wp-json\/wp\/v2\/media\/437"}],"wp:attachment":[{"href":"https:\/\/irla.cat\/casairla\/wp-json\/wp\/v2\/media?parent=436"}],"wp:term":[{"taxonomy":"category","embeddable":true,"href":"https:\/\/irla.cat\/casairla\/wp-json\/wp\/v2\/categories?post=436"},{"taxonomy":"post_tag","embeddable":true,"href":"https:\/\/irla.cat\/casairla\/wp-json\/wp\/v2\/tags?post=436"}],"curies":[{"name":"wp","href":"https:\/\/api.w.org\/{rel}","templated":true}]}}