{"id":431,"date":"2015-04-08T11:01:30","date_gmt":"2015-04-08T10:01:30","guid":{"rendered":"http:\/\/www.irla.cat\/casairla\/?p=431"},"modified":"2017-03-27T11:03:36","modified_gmt":"2017-03-27T10:03:36","slug":"presentacio-del-llibre-josep-tarradellas-lexili-1-1939-1954","status":"publish","type":"post","link":"https:\/\/irla.cat\/casairla\/2015\/04\/08\/presentacio-del-llibre-josep-tarradellas-lexili-1-1939-1954\/","title":{"rendered":"Presentaci\u00f3 del llibre: Josep Tarradellas l&#8217;exili 1 (1939-1954)"},"content":{"rendered":"<div>El proper dissabte dia 11 d&#8217;abril a les 19 h a la Casa Irla, presentaci\u00f3 del llibre: &#8220;Josep Tarradellas&#8221;. L&#8217;Exili 1 (1939-1954).<\/div>\n<p><!--more--><\/p>\n<div>Introducci\u00f3 hist\u00f2rica de Carles Santacana i amb la pres\u00e8ncia de la directora de l&#8217;arxiu Tarradellas, Montserrat Catal\u00e0.<\/div>\n<div>\nTercer volum de la biografia documental de Josep Tarradellas que cobreix el primer per\u00edode de l&#8217;exili republic\u00e0 fins al seu nomenament com a president de la Generalitat l&#8217;any 1954. Inclou entre d&#8217;altres textos, dietaris in\u00e8dits, cartes i la persecuci\u00f3 i intent d\u2019extradici\u00f3 de Fran\u00e7a. El llibre va acompanyat de fotografies, imatges, mapes i un \u00edndex de noms.<\/div>\n<div><\/div>\n<div>La primera part d&#8217;aquest volum de la col\u00b7lecci\u00f3 sobre Josep Tarradellas gira al voltant de Josep Irla i l&#8217;elecci\u00f3 presidencial a M\u00e8xic. Reprodu\u00efm tamb\u00e9 una s\u00e8rie de documents d&#8217;origen diferent, com poden ser Esquerra Republicana de Catalunya o el Govern basc.<\/div>\n<div><\/div>\n<div>El cap\u00edtol sobre la persecuci\u00f3 i intent d&#8217;extradici\u00f3 de Josep Tarradellas per part del general Franco \u00e9s una part important del llibre, fins i tot emocionant i un punt polic\u00edaca. A continuaci\u00f3 editem una tria de cartes, des de les m\u00e9s personals a les m\u00e9s pol\u00edtiques.<\/div>\n<div><\/div>\n<div>El lector hi trobar\u00e0 noms com Carles Pi Sunyer, Pau Casals o Merc\u00e8 Rodoreda, entre molts d&#8217;altres. El volum es clou amb els dietaris de Josep Tarradellas, on afloren les passions, esperances i entrebancs d&#8217;un home m\u00e9s enll\u00e0 del comprom\u00eds amb Catalunya.<\/div>\n<div><\/div>\n<div>Entrada gratu\u00efta.<\/div>\n<div><\/div>\n","protected":false},"excerpt":{"rendered":"<p>El proper dissabte dia 11 d&#8217;abril a les 19 h a la Casa Irla, presentaci\u00f3 del llibre: &#8220;Josep Tarradellas&#8221;. L&#8217;Exili<\/p>\n","protected":false},"author":1,"featured_media":434,"comment_status":"open","ping_status":"open","sticky":false,"template":"template-centered.php","format":"standard","meta":{"footnotes":""},"categories":[1],"tags":[],"class_list":["post-431","post","type-post","status-publish","format-standard","has-post-thumbnail","hentry","category-general"],"_links":{"self":[{"href":"https:\/\/irla.cat\/casairla\/wp-json\/wp\/v2\/posts\/431","targetHints":{"allow":["GET"]}}],"collection":[{"href":"https:\/\/irla.cat\/casairla\/wp-json\/wp\/v2\/posts"}],"about":[{"href":"https:\/\/irla.cat\/casairla\/wp-json\/wp\/v2\/types\/post"}],"author":[{"embeddable":true,"href":"https:\/\/irla.cat\/casairla\/wp-json\/wp\/v2\/users\/1"}],"replies":[{"embeddable":true,"href":"https:\/\/irla.cat\/casairla\/wp-json\/wp\/v2\/comments?post=431"}],"version-history":[{"count":3,"href":"https:\/\/irla.cat\/casairla\/wp-json\/wp\/v2\/posts\/431\/revisions"}],"predecessor-version":[{"id":435,"href":"https:\/\/irla.cat\/casairla\/wp-json\/wp\/v2\/posts\/431\/revisions\/435"}],"wp:featuredmedia":[{"embeddable":true,"href":"https:\/\/irla.cat\/casairla\/wp-json\/wp\/v2\/media\/434"}],"wp:attachment":[{"href":"https:\/\/irla.cat\/casairla\/wp-json\/wp\/v2\/media?parent=431"}],"wp:term":[{"taxonomy":"category","embeddable":true,"href":"https:\/\/irla.cat\/casairla\/wp-json\/wp\/v2\/categories?post=431"},{"taxonomy":"post_tag","embeddable":true,"href":"https:\/\/irla.cat\/casairla\/wp-json\/wp\/v2\/tags?post=431"}],"curies":[{"name":"wp","href":"https:\/\/api.w.org\/{rel}","templated":true}]}}