{"id":426,"date":"2015-03-23T10:58:13","date_gmt":"2015-03-23T09:58:13","guid":{"rendered":"http:\/\/www.irla.cat\/casairla\/?p=426"},"modified":"2017-03-27T11:01:05","modified_gmt":"2017-03-27T10:01:05","slug":"francesc-marc-alvaro-presenta-ara-si-que-toca","status":"publish","type":"post","link":"https:\/\/irla.cat\/casairla\/2015\/03\/23\/francesc-marc-alvaro-presenta-ara-si-que-toca\/","title":{"rendered":"Francesc-Marc \u00c1lvaro presenta: Ara s\u00ed que toca!"},"content":{"rendered":"<p>El proper dissabte dia 28 de mar\u00e7 a les 18 h, presenta es seu llibre &#8220;Ara s\u00ed que toca!&#8221;, el periodista i escriptor Francesc-Marc \u00c1lvaro a la Casa Irla de Sant Feliu de Gu\u00edxols.<!--more--><\/p>\n<p>La hist\u00f2ria que fa una d\u00e8cada semblava clausurada es reobre de sobte amb una s\u00e8rie d\u2019esdeveniments cr\u00edtics, ag\u00f2nics i vertiginosos. Qu\u00e8 sabem realment de Jordi Pujol i la seva fam\u00edlia? En qu\u00e8 consisteix el pujolisme? Com cal interpretar la figura d\u2019Artur Mas? Per trobar les claus del que est\u00e0 passant, cal rellegir el millor llibre que s\u2019ha escrit sobre Pujol i el pujolisme.<\/p>\n<p>Per\u00f2 Francesc-Marc \u00c1lvaro no s\u2019ha limitat a reeditar un llibre que el pas dels anys ha convertit en text de refer\u00e8ncia. Calia aplicar el mateix rigor a l\u2019an\u00e0lisi del que ha passat durant l\u2019\u00faltima d\u00e8cada. Per aix\u00f2 el llibre repassa l\u2019evoluci\u00f3 dels personatges principals i ofereix cap\u00edtols nous, amb fets in\u00e8dits, dedicats sobretot al proc\u00e9s sobiranista, al paper que hi t\u00e9 el m\u00f3n de CiU, al president Artur Mas i el seu entorn de poder i, finalment, a la figura d\u2019un Jordi Pujol crepuscular que, arran de la seva confessi\u00f3 sobre una her\u00e8ncia no declarada, fa fer un gir inesperat i dram\u00e0tic a la seva biografia.<\/p>\n<p>El resultat \u00e9s un llibre apassionant que certifica que ni la ment del novel\u00b7lista m\u00e9s agosarat, fecund i original hauria pogut imaginar tot el que ara us disposeu a llegir.<\/p>\n<p>Acte gratu\u00eft i obert a tothom.<\/p>\n<p><img loading=\"lazy\" decoding=\"async\" class=\"size-full wp-image-428 alignleft\" src=\"http:\/\/www.irla.cat\/casairla\/wp-content\/uploads\/2017\/03\/FRANCESC-MARC-ALVARO-PORTADA.jpg\" alt=\"\" width=\"264\" height=\"400\" srcset=\"https:\/\/irla.cat\/casairla\/wp-content\/uploads\/2017\/03\/FRANCESC-MARC-ALVARO-PORTADA.jpg 264w, https:\/\/irla.cat\/casairla\/wp-content\/uploads\/2017\/03\/FRANCESC-MARC-ALVARO-PORTADA-198x300.jpg 198w\" sizes=\"auto, (max-width: 264px) 100vw, 264px\" \/><img loading=\"lazy\" decoding=\"async\" class=\"size-full wp-image-429 alignleft\" src=\"http:\/\/www.irla.cat\/casairla\/wp-content\/uploads\/2017\/03\/cartell-Ara-si-que-toca-Francesc-Marc-Alvaro-marc\u0327-2015.jpg\" alt=\"\" width=\"283\" height=\"400\" srcset=\"https:\/\/irla.cat\/casairla\/wp-content\/uploads\/2017\/03\/cartell-Ara-si-que-toca-Francesc-Marc-Alvaro-marc\u0327-2015.jpg 283w, https:\/\/irla.cat\/casairla\/wp-content\/uploads\/2017\/03\/cartell-Ara-si-que-toca-Francesc-Marc-Alvaro-marc\u0327-2015-212x300.jpg 212w\" sizes=\"auto, (max-width: 283px) 100vw, 283px\" \/><\/p>\n","protected":false},"excerpt":{"rendered":"<p>El proper dissabte dia 28 de mar\u00e7 a les 18 h, presenta es seu llibre &#8220;Ara s\u00ed que toca!&#8221;, el<\/p>\n","protected":false},"author":1,"featured_media":427,"comment_status":"open","ping_status":"open","sticky":false,"template":"template-centered.php","format":"standard","meta":{"footnotes":""},"categories":[1],"tags":[],"class_list":["post-426","post","type-post","status-publish","format-standard","has-post-thumbnail","hentry","category-general"],"_links":{"self":[{"href":"https:\/\/irla.cat\/casairla\/wp-json\/wp\/v2\/posts\/426","targetHints":{"allow":["GET"]}}],"collection":[{"href":"https:\/\/irla.cat\/casairla\/wp-json\/wp\/v2\/posts"}],"about":[{"href":"https:\/\/irla.cat\/casairla\/wp-json\/wp\/v2\/types\/post"}],"author":[{"embeddable":true,"href":"https:\/\/irla.cat\/casairla\/wp-json\/wp\/v2\/users\/1"}],"replies":[{"embeddable":true,"href":"https:\/\/irla.cat\/casairla\/wp-json\/wp\/v2\/comments?post=426"}],"version-history":[{"count":1,"href":"https:\/\/irla.cat\/casairla\/wp-json\/wp\/v2\/posts\/426\/revisions"}],"predecessor-version":[{"id":430,"href":"https:\/\/irla.cat\/casairla\/wp-json\/wp\/v2\/posts\/426\/revisions\/430"}],"wp:featuredmedia":[{"embeddable":true,"href":"https:\/\/irla.cat\/casairla\/wp-json\/wp\/v2\/media\/427"}],"wp:attachment":[{"href":"https:\/\/irla.cat\/casairla\/wp-json\/wp\/v2\/media?parent=426"}],"wp:term":[{"taxonomy":"category","embeddable":true,"href":"https:\/\/irla.cat\/casairla\/wp-json\/wp\/v2\/categories?post=426"},{"taxonomy":"post_tag","embeddable":true,"href":"https:\/\/irla.cat\/casairla\/wp-json\/wp\/v2\/tags?post=426"}],"curies":[{"name":"wp","href":"https:\/\/api.w.org\/{rel}","templated":true}]}}