{"id":423,"date":"2015-03-20T10:56:12","date_gmt":"2015-03-20T09:56:12","guid":{"rendered":"http:\/\/www.irla.cat\/casairla\/?p=423"},"modified":"2017-03-27T10:58:08","modified_gmt":"2017-03-27T09:58:08","slug":"nou-director-a-la-casa-irla","status":"publish","type":"post","link":"https:\/\/irla.cat\/casairla\/2015\/03\/20\/nou-director-a-la-casa-irla\/","title":{"rendered":"Nou director a la Casa Irla"},"content":{"rendered":"<p>El passat dimarts 10 de mar\u00e7 a la Casa Irla es va fer l&#8217;acte de signatura del nomenament del nou director de la Casa Irla de Sant Feliu de Gu\u00edxols, Manel Gorro, amb la pres\u00e8ncia del director de la Fundaci\u00f3 Josep Irla, Josep Vall.<!--more--><\/p>\n<p>Aquest relleu del fins ara director, Joan Casamitjana, permet una renovaci\u00f3 de l&#8217;organigrama i una nova empenta al centre cultural ganx\u00f3.<\/p>\n<p>Per la Fundaci\u00f3 Josep Irla \u00e9s important que la Casa Irla segueixi essent un centre din\u00e0mic i culturalment de refer\u00e8ncia al Baix Empord\u00e0, aix\u00ed com el Museu Irla, una visita obligada a l&#8217;exposici\u00f3 permanent de la figura del ganx\u00f3 Josep Irla, President de la Generalitat a l&#8217;exili, per tal de con\u00e8ixer aquest personatge pol\u00edtic rellevant per Catalunya durant el s.XX.<\/p>\n<p>Manel Gorro, el nou director, juntament amb el nou equip gestor, vol obrir les portes de la Casa Irla a la ciutat i a tots els ciutadans, per tal de desenvolupar noves activitats i una nova programaci\u00f3 cultural, social i l\u00fadica,\u00e9s per aix\u00f2 que qualsevol particular o associaci\u00f3 pot demanar l&#8217;espai per afer-hi actes o activitats que benefici\u00efn, tant a la ciutat, com a la resta de la comarca; i alhora, donar un impuls al Museu Irla amb visites guiades per atots els p\u00fablics, incloses les escoles i instituts de Catalunya, com es fa tamb\u00e9 a l&#8217;Espai Maci\u00e0, ubicat a les Borges Blanques o al Centre d&#8217;Interpretaci\u00f3 Llu\u00eds <i>Companys <\/i>de Tornabous, ambdues a la prov\u00edncia de Lleida.<\/p>\n<p>Sant Feliu de Gu\u00edxols disposa d&#8217;aquest equipament tant caracter\u00edstic com \u00e9s la Casa Irla, que desitgem que continu\u00ef essent el centre cultural de la ciutat.<\/p>\n<p>&nbsp;<\/p>\n","protected":false},"excerpt":{"rendered":"<p>El passat dimarts 10 de mar\u00e7 a la Casa Irla es va fer l&#8217;acte de signatura del nomenament del nou<\/p>\n","protected":false},"author":1,"featured_media":424,"comment_status":"open","ping_status":"open","sticky":false,"template":"template-centered.php","format":"standard","meta":{"footnotes":""},"categories":[1],"tags":[],"class_list":["post-423","post","type-post","status-publish","format-standard","has-post-thumbnail","hentry","category-general"],"_links":{"self":[{"href":"https:\/\/irla.cat\/casairla\/wp-json\/wp\/v2\/posts\/423","targetHints":{"allow":["GET"]}}],"collection":[{"href":"https:\/\/irla.cat\/casairla\/wp-json\/wp\/v2\/posts"}],"about":[{"href":"https:\/\/irla.cat\/casairla\/wp-json\/wp\/v2\/types\/post"}],"author":[{"embeddable":true,"href":"https:\/\/irla.cat\/casairla\/wp-json\/wp\/v2\/users\/1"}],"replies":[{"embeddable":true,"href":"https:\/\/irla.cat\/casairla\/wp-json\/wp\/v2\/comments?post=423"}],"version-history":[{"count":1,"href":"https:\/\/irla.cat\/casairla\/wp-json\/wp\/v2\/posts\/423\/revisions"}],"predecessor-version":[{"id":425,"href":"https:\/\/irla.cat\/casairla\/wp-json\/wp\/v2\/posts\/423\/revisions\/425"}],"wp:featuredmedia":[{"embeddable":true,"href":"https:\/\/irla.cat\/casairla\/wp-json\/wp\/v2\/media\/424"}],"wp:attachment":[{"href":"https:\/\/irla.cat\/casairla\/wp-json\/wp\/v2\/media?parent=423"}],"wp:term":[{"taxonomy":"category","embeddable":true,"href":"https:\/\/irla.cat\/casairla\/wp-json\/wp\/v2\/categories?post=423"},{"taxonomy":"post_tag","embeddable":true,"href":"https:\/\/irla.cat\/casairla\/wp-json\/wp\/v2\/tags?post=423"}],"curies":[{"name":"wp","href":"https:\/\/api.w.org\/{rel}","templated":true}]}}