{"id":416,"date":"2015-03-08T10:52:12","date_gmt":"2015-03-08T09:52:12","guid":{"rendered":"http:\/\/www.irla.cat\/casairla\/?p=416"},"modified":"2017-03-27T10:53:53","modified_gmt":"2017-03-27T09:53:53","slug":"lartista-de-muntanya-enamorada-del-mar","status":"publish","type":"post","link":"https:\/\/irla.cat\/casairla\/2015\/03\/08\/lartista-de-muntanya-enamorada-del-mar\/","title":{"rendered":"L&#8217;artista de muntanya enamorada del mar"},"content":{"rendered":"<div>D&#8217;aquesta manera podr\u00edem definir a la Pilar Esporrin-Sanclemente, o m\u00e9s ben dit aix\u00ed \u00e9s com ella mateixa es defineix.<\/div>\n<div><\/div>\n<p><!--more--><\/p>\n<div>I \u00e9s clar amb aquesta presentaci\u00f3 \u00a0l&#8217;obra que ens ofereix a la Casa Irla ha de representar precisament aix\u00f2 el mar i tot el que l&#8217;envolta, penya-segats, cales, costes, i racons ben coneguts del nostre entorn.<\/div>\n<div><\/div>\n<div>D&#8217;origen barcelon\u00ed i resident a Osca des de fa catroze anys la Pilar ha treballat durant m\u00e9s d&#8217;un any en aquesta col\u00b7lecci\u00f3 de pintures d&#8217;oli sobre tela, d&#8217;aquarel\u00b7les sobre paper i de t\u00e8cniques mixtes. Uns quadres que es fan mirar i contemplar simplement per gaudir dels meravellosos paisatges que ens ofereix la nostra Costa Brava.<\/div>\n<div><\/div>\n<div>Recordeu que podeu gaudir d&#8217;aquesta exposici\u00f3 durant els mesos de mar\u00e7 i abril.<\/div>\n<div><\/div>\n","protected":false},"excerpt":{"rendered":"<p>D&#8217;aquesta manera podr\u00edem definir a la Pilar Esporrin-Sanclemente, o m\u00e9s ben dit aix\u00ed \u00e9s com ella mateixa es defineix.<\/p>\n","protected":false},"author":1,"featured_media":417,"comment_status":"open","ping_status":"open","sticky":false,"template":"template-centered.php","format":"standard","meta":{"footnotes":""},"categories":[1],"tags":[],"class_list":["post-416","post","type-post","status-publish","format-standard","has-post-thumbnail","hentry","category-general"],"_links":{"self":[{"href":"https:\/\/irla.cat\/casairla\/wp-json\/wp\/v2\/posts\/416","targetHints":{"allow":["GET"]}}],"collection":[{"href":"https:\/\/irla.cat\/casairla\/wp-json\/wp\/v2\/posts"}],"about":[{"href":"https:\/\/irla.cat\/casairla\/wp-json\/wp\/v2\/types\/post"}],"author":[{"embeddable":true,"href":"https:\/\/irla.cat\/casairla\/wp-json\/wp\/v2\/users\/1"}],"replies":[{"embeddable":true,"href":"https:\/\/irla.cat\/casairla\/wp-json\/wp\/v2\/comments?post=416"}],"version-history":[{"count":1,"href":"https:\/\/irla.cat\/casairla\/wp-json\/wp\/v2\/posts\/416\/revisions"}],"predecessor-version":[{"id":418,"href":"https:\/\/irla.cat\/casairla\/wp-json\/wp\/v2\/posts\/416\/revisions\/418"}],"wp:featuredmedia":[{"embeddable":true,"href":"https:\/\/irla.cat\/casairla\/wp-json\/wp\/v2\/media\/417"}],"wp:attachment":[{"href":"https:\/\/irla.cat\/casairla\/wp-json\/wp\/v2\/media?parent=416"}],"wp:term":[{"taxonomy":"category","embeddable":true,"href":"https:\/\/irla.cat\/casairla\/wp-json\/wp\/v2\/categories?post=416"},{"taxonomy":"post_tag","embeddable":true,"href":"https:\/\/irla.cat\/casairla\/wp-json\/wp\/v2\/tags?post=416"}],"curies":[{"name":"wp","href":"https:\/\/api.w.org\/{rel}","templated":true}]}}