{"id":413,"date":"2015-03-07T10:50:28","date_gmt":"2015-03-07T09:50:28","guid":{"rendered":"http:\/\/www.irla.cat\/casairla\/?p=413"},"modified":"2017-03-27T10:52:07","modified_gmt":"2017-03-27T09:52:07","slug":"pilar-esporrin-sanclemente-des-del-mar","status":"publish","type":"post","link":"https:\/\/irla.cat\/casairla\/2015\/03\/07\/pilar-esporrin-sanclemente-des-del-mar\/","title":{"rendered":"Pilar Esporrin-Sanclemente: des del mar"},"content":{"rendered":"<p>Aquest dissabte 7 de mar\u00e7 a les 19h. tindr\u00e0 lloc a la Casa Irla la inauguraci\u00f3 de l&#8217;exposici\u00f3 de Pilar Esporrin.<\/p>\n<p><!--more--><\/p>\n<p>Amb el t\u00edtol &#8220;Des del mar&#8221; ens presenta una \u00e0mplia col\u00b7lecci\u00f3 de les seves obres que en molts casos tenen com a font d&#8217;inspiraci\u00f3 el mar. El mar m\u00e9s proper, el m\u00e9s nostre, diu la Pilar, i \u00e9s per aix\u00f2 que des de fa m\u00e9s d&#8217;un any est\u00e0 treballant per aquesta exposici\u00f3 en la qual hi veurem paisatges que ens seran molt coneguts&#8230;<\/p>\n<div>Un aut\u00e8ntic plaer poder gaudir de les obres de la Pilar Esporrin Sanclemente que ha vingut des de l&#8217;Arag\u00f3 per oferir-nos la seva creativitat.<\/div>\n<div><\/div>\n<div>Podeu gaudir d&#8217;aquestes pintures durant els mesos d&#8217;abril i maig a la Casa Irla.<\/div>\n<div><\/div>\n","protected":false},"excerpt":{"rendered":"<p>Aquest dissabte 7 de mar\u00e7 a les 19h. tindr\u00e0 lloc a la Casa Irla la inauguraci\u00f3 de l&#8217;exposici\u00f3 de Pilar<\/p>\n","protected":false},"author":1,"featured_media":414,"comment_status":"open","ping_status":"open","sticky":false,"template":"template-centered.php","format":"standard","meta":{"footnotes":""},"categories":[1],"tags":[],"class_list":["post-413","post","type-post","status-publish","format-standard","has-post-thumbnail","hentry","category-general"],"_links":{"self":[{"href":"https:\/\/irla.cat\/casairla\/wp-json\/wp\/v2\/posts\/413","targetHints":{"allow":["GET"]}}],"collection":[{"href":"https:\/\/irla.cat\/casairla\/wp-json\/wp\/v2\/posts"}],"about":[{"href":"https:\/\/irla.cat\/casairla\/wp-json\/wp\/v2\/types\/post"}],"author":[{"embeddable":true,"href":"https:\/\/irla.cat\/casairla\/wp-json\/wp\/v2\/users\/1"}],"replies":[{"embeddable":true,"href":"https:\/\/irla.cat\/casairla\/wp-json\/wp\/v2\/comments?post=413"}],"version-history":[{"count":1,"href":"https:\/\/irla.cat\/casairla\/wp-json\/wp\/v2\/posts\/413\/revisions"}],"predecessor-version":[{"id":415,"href":"https:\/\/irla.cat\/casairla\/wp-json\/wp\/v2\/posts\/413\/revisions\/415"}],"wp:featuredmedia":[{"embeddable":true,"href":"https:\/\/irla.cat\/casairla\/wp-json\/wp\/v2\/media\/414"}],"wp:attachment":[{"href":"https:\/\/irla.cat\/casairla\/wp-json\/wp\/v2\/media?parent=413"}],"wp:term":[{"taxonomy":"category","embeddable":true,"href":"https:\/\/irla.cat\/casairla\/wp-json\/wp\/v2\/categories?post=413"},{"taxonomy":"post_tag","embeddable":true,"href":"https:\/\/irla.cat\/casairla\/wp-json\/wp\/v2\/tags?post=413"}],"curies":[{"name":"wp","href":"https:\/\/api.w.org\/{rel}","templated":true}]}}