{"id":407,"date":"2015-01-22T10:46:21","date_gmt":"2015-01-22T09:46:21","guid":{"rendered":"http:\/\/www.irla.cat\/casairla\/?p=407"},"modified":"2017-03-27T10:48:07","modified_gmt":"2017-03-27T09:48:07","slug":"exposicio-de-juan-miguel-garcia","status":"publish","type":"post","link":"https:\/\/irla.cat\/casairla\/2015\/01\/22\/exposicio-de-juan-miguel-garcia\/","title":{"rendered":"Exposici\u00f3 de Juan Miguel Garcia"},"content":{"rendered":"<p>Dissabte 24 de gener a les 19 h. a la Casa Irla tindr\u00e0 lloc la inauguraci\u00f3 de la primera exposici\u00f3 d&#8217;art d&#8217;aquest any 15. <!--more--><\/p>\n<p>L&#8217;artista convidat \u00e9s Juan Miguel Garc\u00eda, que amb un t\u00edtol suggerent: &#8220;Amphetamine soul fate&#8221; que vol ser\u00a0\u00e9s un intent de respondre a la pregunta sobre el valor del proc\u00e9s en la creaci\u00f3 de l\u2019obra d\u2019art.<\/p>\n<p>La mostra est\u00e0 composada per pintures acabades que volen il\u00b7lustrar la import\u00e0ncia de l\u2019obra final, per\u00f2 tamb\u00e9 per fragments que han estat arrancats d\u2019aquests llen\u00e7os en diferents moments del proc\u00e9s creatiu.<\/p>\n<p>Els fragments funcionen com a testimonis dels distints estrats de creaci\u00f3 ja que l\u2019obra final, d\u2019aquesta manera, no s\u2019ent\u00e9n com el resultat l\u00f2gic d\u2019un proc\u00e9s creatiu tancat sin\u00f3 com una de les possibles destinacions a les que s\u2019ha pogut arribar a partir de materials i recursos que han sigut modificats, triats o descartats d\u2019acord a decisions de creaci\u00f3.<\/p>\n<p>&nbsp;<\/p>\n","protected":false},"excerpt":{"rendered":"<p>Dissabte 24 de gener a les 19 h. a la Casa Irla tindr\u00e0 lloc la inauguraci\u00f3 de la primera exposici\u00f3<\/p>\n","protected":false},"author":1,"featured_media":408,"comment_status":"open","ping_status":"open","sticky":false,"template":"template-centered.php","format":"standard","meta":{"footnotes":""},"categories":[1],"tags":[],"class_list":["post-407","post","type-post","status-publish","format-standard","has-post-thumbnail","hentry","category-general"],"_links":{"self":[{"href":"https:\/\/irla.cat\/casairla\/wp-json\/wp\/v2\/posts\/407","targetHints":{"allow":["GET"]}}],"collection":[{"href":"https:\/\/irla.cat\/casairla\/wp-json\/wp\/v2\/posts"}],"about":[{"href":"https:\/\/irla.cat\/casairla\/wp-json\/wp\/v2\/types\/post"}],"author":[{"embeddable":true,"href":"https:\/\/irla.cat\/casairla\/wp-json\/wp\/v2\/users\/1"}],"replies":[{"embeddable":true,"href":"https:\/\/irla.cat\/casairla\/wp-json\/wp\/v2\/comments?post=407"}],"version-history":[{"count":1,"href":"https:\/\/irla.cat\/casairla\/wp-json\/wp\/v2\/posts\/407\/revisions"}],"predecessor-version":[{"id":409,"href":"https:\/\/irla.cat\/casairla\/wp-json\/wp\/v2\/posts\/407\/revisions\/409"}],"wp:featuredmedia":[{"embeddable":true,"href":"https:\/\/irla.cat\/casairla\/wp-json\/wp\/v2\/media\/408"}],"wp:attachment":[{"href":"https:\/\/irla.cat\/casairla\/wp-json\/wp\/v2\/media?parent=407"}],"wp:term":[{"taxonomy":"category","embeddable":true,"href":"https:\/\/irla.cat\/casairla\/wp-json\/wp\/v2\/categories?post=407"},{"taxonomy":"post_tag","embeddable":true,"href":"https:\/\/irla.cat\/casairla\/wp-json\/wp\/v2\/tags?post=407"}],"curies":[{"name":"wp","href":"https:\/\/api.w.org\/{rel}","templated":true}]}}