{"id":404,"date":"2015-01-18T10:44:28","date_gmt":"2015-01-18T09:44:28","guid":{"rendered":"http:\/\/www.irla.cat\/casairla\/?p=404"},"modified":"2017-03-27T10:46:09","modified_gmt":"2017-03-27T09:46:09","slug":"francesc-homs-hem-de-convencer-els-indecisos-per-fer-un-gran-pais","status":"publish","type":"post","link":"https:\/\/irla.cat\/casairla\/2015\/01\/18\/francesc-homs-hem-de-convencer-els-indecisos-per-fer-un-gran-pais\/","title":{"rendered":"Francesc Homs: hem de conv\u00e8ncer els indecisos per fer un gran pa\u00eds"},"content":{"rendered":"<p>\u2019honorable Conseller de la Presid\u00e8ncia, Sr. Francesc Homs va inaugurar oficialment la nova temporada cultural hiver-primavera 2015 de la Casa Irla.<!--more--><\/p>\n<p>Homs va pronunciar un confer\u00e8ncia que sota el t\u00edtol \u201cDecidir i sumar per la unitat\u201d va retratar la situaci\u00f3 pol\u00edtica actual i va fer una an\u00e0lisi de la tasca que tenim al davant com a pa\u00eds per arribar a assolir el dia de les eleccions, el 27 de setembre, una majoria suficient i s\u00f2lida per a fer de Catalunya un nou estat lliure i independent.<\/p>\n<p>El Conseller va explicar que cal concentrar tots els esfor\u00e7os per conv\u00e8ncer aquells que avui encara dubten que la independ\u00e8ncia sigui la millor opci\u00f3 per Catalunya.<\/p>\n<p>Tots aquells que avui ja estem conven\u00e7uts ens hem de posar a treballar per ampliar la majoria social a favor de la independ\u00e8ncia, i aix\u00f2 \u00e9s feina dels pol\u00edtics per\u00f2 tamb\u00e9 de tots i cadascun de nosaltres.<\/p>\n<p>&nbsp;<\/p>\n","protected":false},"excerpt":{"rendered":"<p>\u2019honorable Conseller de la Presid\u00e8ncia, Sr. Francesc Homs va inaugurar oficialment la nova temporada cultural hiver-primavera 2015 de la Casa<\/p>\n","protected":false},"author":1,"featured_media":405,"comment_status":"open","ping_status":"open","sticky":false,"template":"template-centered.php","format":"standard","meta":{"footnotes":""},"categories":[1],"tags":[],"class_list":["post-404","post","type-post","status-publish","format-standard","has-post-thumbnail","hentry","category-general"],"_links":{"self":[{"href":"https:\/\/irla.cat\/casairla\/wp-json\/wp\/v2\/posts\/404","targetHints":{"allow":["GET"]}}],"collection":[{"href":"https:\/\/irla.cat\/casairla\/wp-json\/wp\/v2\/posts"}],"about":[{"href":"https:\/\/irla.cat\/casairla\/wp-json\/wp\/v2\/types\/post"}],"author":[{"embeddable":true,"href":"https:\/\/irla.cat\/casairla\/wp-json\/wp\/v2\/users\/1"}],"replies":[{"embeddable":true,"href":"https:\/\/irla.cat\/casairla\/wp-json\/wp\/v2\/comments?post=404"}],"version-history":[{"count":1,"href":"https:\/\/irla.cat\/casairla\/wp-json\/wp\/v2\/posts\/404\/revisions"}],"predecessor-version":[{"id":406,"href":"https:\/\/irla.cat\/casairla\/wp-json\/wp\/v2\/posts\/404\/revisions\/406"}],"wp:featuredmedia":[{"embeddable":true,"href":"https:\/\/irla.cat\/casairla\/wp-json\/wp\/v2\/media\/405"}],"wp:attachment":[{"href":"https:\/\/irla.cat\/casairla\/wp-json\/wp\/v2\/media?parent=404"}],"wp:term":[{"taxonomy":"category","embeddable":true,"href":"https:\/\/irla.cat\/casairla\/wp-json\/wp\/v2\/categories?post=404"},{"taxonomy":"post_tag","embeddable":true,"href":"https:\/\/irla.cat\/casairla\/wp-json\/wp\/v2\/tags?post=404"}],"curies":[{"name":"wp","href":"https:\/\/api.w.org\/{rel}","templated":true}]}}